{"id":2951,"date":"2024-03-04T11:27:54","date_gmt":"2024-03-04T10:27:54","guid":{"rendered":"https:\/\/www.vmv-mbh.de\/?p=2951"},"modified":"2024-03-04T16:06:23","modified_gmt":"2024-03-04T15:06:23","slug":"mobilitaetsoffensive-mv","status":"publish","type":"post","link":"http:\/\/www.vmv-mbh.de\/en\/mobilitaetsoffensive-mv\/","title":{"rendered":"MV mobility campaign: New regional bus route between Sternberg and G\u00fcstrow"},"content":{"rendered":"<h6 class=\"teaser_meta\">Press release of the Ministry of Economy, Infrastructure, Tourism and Labour<\/h6>\n<div class=\"dvz-contenttype-pagetitle element element_100\">\n<h5>Jesse: Improve existing bus routes in the area and create new continuous routes<\/h5>\n<\/div>\n<div class=\"element dvz-contenttype-presseserviceassistent element_100\">\n<div class=\"absatz\">\n<p>On Monday, the new regional bus line 270 on the Sternberg - G\u00fcstrow route was officially launched by the transport company rebus. State Secretary for Transport Ines Jesse, District Administrator Sebastian Constien from the district of Rostock, the Managing Director of VMV-Verkehrsgesellschaft Mecklenburg-Vorpommern Daniel Bischof and the authorised signatory of Rebus Regionalbus Rostock GmbH Marc Weinhauer took part in the official inauguration of the cross-district regional bus route. State Secretary Ines Jesse also handed over a grant notification for the promotion of regional bus services in local public transport totalling over 300,000 euros. The Ministry of Economic Affairs is supporting the project from regionalisation funds via the VMV-Verkehrsgesellschaft Mecklenburg-Vorpommern.<\/p>\n<p>&nbsp;<\/p>\n<p>\"We want to improve the range of cross-district bus routes in the area and create new continuous routes. This is a key objective of the Mecklenburg-Vorpommern mobility campaign. We are therefore supporting the districts with grants of 2.05 euros per service kilometre for regional bus services in order to establish modern service standards. In close co-operation between the regional buses and an efficient local rail passenger transport system, which is being further expanded, we are creating a dense network for the whole of Mecklenburg-Vorpommern. The aim is to increase the quality of life and participation of our citizens through an attractive range of public mobility services, even beyond the well-developed railway lines, and to initiate the transport transition in the state through a sustainable switch to climate-friendly public transport systems, especially in rural areas,\" said Ines Jesse, State Secretary of the Ministry of Economic Affairs, Infrastructure, Tourism and Labour.<\/p>\n<p>Regiobus routes will run at regular hourly or two-hourly intervals, regardless of school and holiday times. In addition, the regional bus routes are linked with rail services to create a dense network for the whole of Mecklenburg-Vorpommern.<\/p>\n<p>&nbsp;<\/p>\n<p>As part of the MV mobility offensive launched in April 2023, the state and the districts have agreed to promote the creation of fast, synchronised regional bus services across all districts. Existing conventional scheduled services will be upgraded as high-quality regular-interval services in the area in accordance with uniform service and quality standards and new bus connections will be created that also cross district boundaries by means of sensible route combinations. The state supports the administrative districts as the responsible public transport authorities by providing grants for interlinked bus services in local public transport with the aim of optimising and expanding the standard of services.<\/p>\n<p>&nbsp;<\/p>\n<p>The Regiobuses MV on route 270 run every two hours daily. Monday to Friday between 5 am and 10 pm and for the first time at weekends between 6 am and 8 pm. There is also a connection to the Regiobus line 170 to and from Schwerin in Sternberg.<\/p>\n<p>&nbsp;<\/p>\n<p>District Administrator Sebastian Constien said: \"With the new Regiobus line, the public transport service in the district of Rostock is once again becoming a little more attractive. Now it is up to the residents to make use of this service and show us that we have met their needs. Because only if the number of users increases can we justify the urgently needed investments in public transport to our political bodies.\"<\/p>\n<p>&nbsp;<\/p>\n<p>Daniel Bischof, Managing Director of VMV- Verkehrsgesellschaft Mecklenburg-Vorpommern mbH, said: \"The new line 270 provides convenient connections at G\u00fcstrow station to city and regional transport with Rebus buses, as well as to the S-Bahn to Rostock and trains to B\u00fctzow and Berlin, for example. In Sternberg, passengers also have a convenient connection between the Regiobus lines 170 and 270.\"<\/p>\n<p>&nbsp;<\/p>\n<p>Marc Weinhauer, authorised signatory of Rebus Regionalbus Rostock GmbH: \"Thanks to the support of the district and the state of Mecklenburg-Vorpommern, we can now develop the service on route 270 into a regional bus route and are delighted for the passengers and the region that we were able to create the necessary capacity within a few weeks and thus make the rural area much more attractive. This shows that if all those responsible pull together, the transport turnaround is not a vision of the future, but is already a reality today.\"<\/p>\n<p>&nbsp;<\/p>\n<p>Further Regiobus routes in the districts of Vorpommern-Greifswald, Vorpommern-R\u00fcgen and the Mecklenburg Lake District are planned for the second quarter of 2024:<\/p>\n<ul>\n<li>Sanitz - Marlow - Triebsees - Grimmen - Greifswald (VVR)<\/li>\n<li>Sassnitz - Binz - G\u00f6hren - Klein Zicker (VVR)<\/li>\n<li>the existing line 12 Neubrandenburg - Waren will be extended to R\u00f6bel (MVVG)<\/li>\n<\/ul>\n<h5><\/h5>\n<h5><\/h5>\n<h5><strong>Timetable information \"MV F\u00c4HRT GUT\"<\/strong><\/h5>\n<p>The state-wide timetable information app \"MV F\u00c4HRT GUT\" for Mecklenburg-Vorpommern takes into account all changes to the new timetable. The state's free app contains all public transport timetable data in M-V and is available for Android and iOS (<a href=\"http:\/\/www.fahrplanauskunft-mv.de\/\" target=\"_blank\" rel=\"noopener\">www.fahrplanauskunft-mv.de<\/a>).<\/p>\n<\/div>\n<\/div>","protected":false},"excerpt":{"rendered":"<p>Press release from the Ministry of Economic Affairs, Infrastructure, Tourism and Labour Jesse: Improving existing bus routes in the area and creating new continuous routes On Monday, the new regional bus route 270 on the Sternberg - G\u00fcstrow route operated by transport company rebus was officially launched. Secretary of State for Transport Ines Jesse, District Administrator Sebastian Constien from the district of G\u00fcstrow, and the transport company rebus took part in the official inauguration of the...<\/p>","protected":false},"author":7,"featured_media":2953,"comment_status":"closed","ping_status":"closed","sticky":false,"template":"","format":"standard","meta":{"_acf_changed":false,"footnotes":""},"categories":[1],"tags":[192,189,174,172,157,130,99],"class_list":["post-2951","post","type-post","status-publish","format-standard","has-post-thumbnail","hentry","category-allgemein","tag-rebus","tag-land-mv","tag-staatssekretaerin-ines-jesse","tag-regiobus","tag-vmv-verkehrsgesellschaft-mecklenburg-vorpommern","tag-mobilittaetsoffensive","tag-verkehrsministerium-mv"],"acf":[],"yoast_head":"<!-- This site is optimized with the Yoast SEO plugin v27.4 - https:\/\/yoast.com\/product\/yoast-seo-wordpress\/ -->\n<title>Mobilit\u00e4tsoffensive MV: Neue Regiobuslinie zwischen Sternberg und G\u00fcstrow - VMV-Verkehrsgesellschaft Mecklenburg-Vorpommern<\/title>\n<meta name=\"description\" content=\"Neue Regiobuslinie zwischen Sternberg und G\u00fcstrow\" \/>\n<meta name=\"robots\" content=\"index, follow, max-snippet:-1, max-image-preview:large, max-video-preview:-1\" \/>\n<link rel=\"canonical\" href=\"https:\/\/www.vmv-mbh.de\/en\/mobilitaetsoffensive-mv\/\" \/>\n<meta property=\"og:locale\" content=\"en_GB\" \/>\n<meta property=\"og:type\" content=\"article\" \/>\n<meta property=\"og:title\" content=\"Mobilit\u00e4tsoffensive MV: Neue Regiobuslinie zwischen Sternberg und G\u00fcstrow - VMV-Verkehrsgesellschaft Mecklenburg-Vorpommern\" \/>\n<meta property=\"og:description\" content=\"Neue Regiobuslinie zwischen Sternberg und G\u00fcstrow\" \/>\n<meta property=\"og:url\" content=\"https:\/\/www.vmv-mbh.de\/en\/mobilitaetsoffensive-mv\/\" \/>\n<meta property=\"og:site_name\" content=\"VMV-Verkehrsgesellschaft Mecklenburg-Vorpommern\" \/>\n<meta property=\"article:published_time\" content=\"2024-03-04T10:27:54+00:00\" \/>\n<meta property=\"article:modified_time\" content=\"2024-03-04T15:06:23+00:00\" \/>\n<meta property=\"og:image\" content=\"https:\/\/www.vmv-mbh.de\/wp-content\/uploads\/rebus-270-scaled.jpg\" \/>\n\t<meta property=\"og:image:width\" content=\"2560\" \/>\n\t<meta property=\"og:image:height\" content=\"1707\" \/>\n\t<meta property=\"og:image:type\" content=\"image\/jpeg\" \/>\n<meta name=\"author\" content=\"Katharina Henkel\" \/>\n<meta name=\"twitter:card\" content=\"summary_large_image\" \/>\n<meta name=\"twitter:label1\" content=\"Written by\" \/>\n\t<meta name=\"twitter:data1\" content=\"Katharina Henkel\" \/>\n\t<meta name=\"twitter:label2\" content=\"Estimated reading time\" \/>\n\t<meta name=\"twitter:data2\" content=\"4 minutes\" \/>\n<script type=\"application\/ld+json\" class=\"yoast-schema-graph\">{\"@context\":\"https:\\\/\\\/schema.org\",\"@graph\":[{\"@type\":\"Article\",\"@id\":\"https:\\\/\\\/www.vmv-mbh.de\\\/mobilitaetsoffensive-mv\\\/#article\",\"isPartOf\":{\"@id\":\"https:\\\/\\\/www.vmv-mbh.de\\\/mobilitaetsoffensive-mv\\\/\"},\"author\":{\"name\":\"Katharina Henkel\",\"@id\":\"https:\\\/\\\/www.vmv-mbh.de\\\/#\\\/schema\\\/person\\\/2cfafd86deaee1c537177c43b9314933\"},\"headline\":\"Mobilit\u00e4tsoffensive MV: Neue Regiobuslinie zwischen Sternberg und G\u00fcstrow\",\"datePublished\":\"2024-03-04T10:27:54+00:00\",\"dateModified\":\"2024-03-04T15:06:23+00:00\",\"mainEntityOfPage\":{\"@id\":\"https:\\\/\\\/www.vmv-mbh.de\\\/mobilitaetsoffensive-mv\\\/\"},\"wordCount\":734,\"publisher\":{\"@id\":\"https:\\\/\\\/www.vmv-mbh.de\\\/#organization\"},\"image\":{\"@id\":\"https:\\\/\\\/www.vmv-mbh.de\\\/mobilitaetsoffensive-mv\\\/#primaryimage\"},\"thumbnailUrl\":\"https:\\\/\\\/www.vmv-mbh.de\\\/wp-content\\\/uploads\\\/rebus-270-scaled.jpg\",\"keywords\":[\"rebus\",\"Land MV\",\"Staatssekret\u00e4rin Ines Jesse\",\"Regiobus\",\"VMV-Verkehrsgesellschaft Mecklenburg-Vorpommern\",\"Mobilitt\u00e4tsoffensive\",\"Verkehrsministerium MV\"],\"articleSection\":[\"Allgemein\"],\"inLanguage\":\"en-GB\"},{\"@type\":\"WebPage\",\"@id\":\"https:\\\/\\\/www.vmv-mbh.de\\\/mobilitaetsoffensive-mv\\\/\",\"url\":\"https:\\\/\\\/www.vmv-mbh.de\\\/mobilitaetsoffensive-mv\\\/\",\"name\":\"Mobilit\u00e4tsoffensive MV: Neue Regiobuslinie zwischen Sternberg und G\u00fcstrow - VMV-Verkehrsgesellschaft Mecklenburg-Vorpommern\",\"isPartOf\":{\"@id\":\"https:\\\/\\\/www.vmv-mbh.de\\\/#website\"},\"primaryImageOfPage\":{\"@id\":\"https:\\\/\\\/www.vmv-mbh.de\\\/mobilitaetsoffensive-mv\\\/#primaryimage\"},\"image\":{\"@id\":\"https:\\\/\\\/www.vmv-mbh.de\\\/mobilitaetsoffensive-mv\\\/#primaryimage\"},\"thumbnailUrl\":\"https:\\\/\\\/www.vmv-mbh.de\\\/wp-content\\\/uploads\\\/rebus-270-scaled.jpg\",\"datePublished\":\"2024-03-04T10:27:54+00:00\",\"dateModified\":\"2024-03-04T15:06:23+00:00\",\"description\":\"Neue Regiobuslinie zwischen Sternberg und G\u00fcstrow\",\"breadcrumb\":{\"@id\":\"https:\\\/\\\/www.vmv-mbh.de\\\/mobilitaetsoffensive-mv\\\/#breadcrumb\"},\"inLanguage\":\"en-GB\",\"potentialAction\":[{\"@type\":\"ReadAction\",\"target\":[\"https:\\\/\\\/www.vmv-mbh.de\\\/mobilitaetsoffensive-mv\\\/\"]}]},{\"@type\":\"ImageObject\",\"inLanguage\":\"en-GB\",\"@id\":\"https:\\\/\\\/www.vmv-mbh.de\\\/mobilitaetsoffensive-mv\\\/#primaryimage\",\"url\":\"https:\\\/\\\/www.vmv-mbh.de\\\/wp-content\\\/uploads\\\/rebus-270-scaled.jpg\",\"contentUrl\":\"https:\\\/\\\/www.vmv-mbh.de\\\/wp-content\\\/uploads\\\/rebus-270-scaled.jpg\",\"width\":2560,\"height\":1707},{\"@type\":\"BreadcrumbList\",\"@id\":\"https:\\\/\\\/www.vmv-mbh.de\\\/mobilitaetsoffensive-mv\\\/#breadcrumb\",\"itemListElement\":[{\"@type\":\"ListItem\",\"position\":1,\"name\":\"Startseite\",\"item\":\"https:\\\/\\\/www.vmv-mbh.de\\\/\"},{\"@type\":\"ListItem\",\"position\":2,\"name\":\"Mobilit\u00e4tsoffensive MV: Neue Regiobuslinie zwischen Sternberg und G\u00fcstrow\"}]},{\"@type\":\"WebSite\",\"@id\":\"https:\\\/\\\/www.vmv-mbh.de\\\/#website\",\"url\":\"https:\\\/\\\/www.vmv-mbh.de\\\/\",\"name\":\"VMV-Verkehrsgesellschaft Mecklenburg-Vorpommern\",\"description\":\"VMV \u2013 Verkehrsgesellschaft M-V\",\"publisher\":{\"@id\":\"https:\\\/\\\/www.vmv-mbh.de\\\/#organization\"},\"potentialAction\":[{\"@type\":\"SearchAction\",\"target\":{\"@type\":\"EntryPoint\",\"urlTemplate\":\"https:\\\/\\\/www.vmv-mbh.de\\\/?s={search_term_string}\"},\"query-input\":{\"@type\":\"PropertyValueSpecification\",\"valueRequired\":true,\"valueName\":\"search_term_string\"}}],\"inLanguage\":\"en-GB\"},{\"@type\":\"Organization\",\"@id\":\"https:\\\/\\\/www.vmv-mbh.de\\\/#organization\",\"name\":\"VMV \u2013 Verkehrsgesellschaft Mecklenburg-Vorpommern mbH\",\"url\":\"https:\\\/\\\/www.vmv-mbh.de\\\/\",\"logo\":{\"@type\":\"ImageObject\",\"inLanguage\":\"en-GB\",\"@id\":\"https:\\\/\\\/www.vmv-mbh.de\\\/#\\\/schema\\\/logo\\\/image\\\/\",\"url\":\"https:\\\/\\\/www.vmv-mbh.de\\\/wp-content\\\/uploads\\\/brand-vmv-vmv-logo-quer-inv.png\",\"contentUrl\":\"https:\\\/\\\/www.vmv-mbh.de\\\/wp-content\\\/uploads\\\/brand-vmv-vmv-logo-quer-inv.png\",\"width\":384,\"height\":64,\"caption\":\"VMV \u2013 Verkehrsgesellschaft Mecklenburg-Vorpommern mbH\"},\"image\":{\"@id\":\"https:\\\/\\\/www.vmv-mbh.de\\\/#\\\/schema\\\/logo\\\/image\\\/\"}},{\"@type\":\"Person\",\"@id\":\"https:\\\/\\\/www.vmv-mbh.de\\\/#\\\/schema\\\/person\\\/2cfafd86deaee1c537177c43b9314933\",\"name\":\"Katharina Henkel\",\"image\":{\"@type\":\"ImageObject\",\"inLanguage\":\"en-GB\",\"@id\":\"https:\\\/\\\/secure.gravatar.com\\\/avatar\\\/b93e9f247cea2317b341cba121c5ed6a4745d9d131daf85983e78af1dab7631d?s=96&d=mm&r=g\",\"url\":\"https:\\\/\\\/secure.gravatar.com\\\/avatar\\\/b93e9f247cea2317b341cba121c5ed6a4745d9d131daf85983e78af1dab7631d?s=96&d=mm&r=g\",\"contentUrl\":\"https:\\\/\\\/secure.gravatar.com\\\/avatar\\\/b93e9f247cea2317b341cba121c5ed6a4745d9d131daf85983e78af1dab7631d?s=96&d=mm&r=g\",\"caption\":\"Katharina Henkel\"},\"url\":\"http:\\\/\\\/www.vmv-mbh.de\\\/en\\\/author\\\/katharina-henkel\\\/\"}]}<\/script>\n<!-- \/ Yoast SEO plugin. -->","yoast_head_json":{"title":"Mobilit\u00e4tsoffensive MV: Neue Regiobuslinie zwischen Sternberg und G\u00fcstrow - VMV-Verkehrsgesellschaft Mecklenburg-Vorpommern","description":"Neue Regiobuslinie zwischen Sternberg und G\u00fcstrow","robots":{"index":"index","follow":"follow","max-snippet":"max-snippet:-1","max-image-preview":"max-image-preview:large","max-video-preview":"max-video-preview:-1"},"canonical":"https:\/\/www.vmv-mbh.de\/en\/mobilitaetsoffensive-mv\/","og_locale":"en_GB","og_type":"article","og_title":"Mobilit\u00e4tsoffensive MV: Neue Regiobuslinie zwischen Sternberg und G\u00fcstrow - VMV-Verkehrsgesellschaft Mecklenburg-Vorpommern","og_description":"Neue Regiobuslinie zwischen Sternberg und G\u00fcstrow","og_url":"https:\/\/www.vmv-mbh.de\/en\/mobilitaetsoffensive-mv\/","og_site_name":"VMV-Verkehrsgesellschaft Mecklenburg-Vorpommern","article_published_time":"2024-03-04T10:27:54+00:00","article_modified_time":"2024-03-04T15:06:23+00:00","og_image":[{"width":2560,"height":1707,"url":"https:\/\/www.vmv-mbh.de\/wp-content\/uploads\/rebus-270-scaled.jpg","type":"image\/jpeg"}],"author":"Katharina Henkel","twitter_card":"summary_large_image","twitter_misc":{"Written by":"Katharina Henkel","Estimated reading time":"4 minutes"},"schema":{"@context":"https:\/\/schema.org","@graph":[{"@type":"Article","@id":"https:\/\/www.vmv-mbh.de\/mobilitaetsoffensive-mv\/#article","isPartOf":{"@id":"https:\/\/www.vmv-mbh.de\/mobilitaetsoffensive-mv\/"},"author":{"name":"Katharina Henkel","@id":"https:\/\/www.vmv-mbh.de\/#\/schema\/person\/2cfafd86deaee1c537177c43b9314933"},"headline":"Mobilit\u00e4tsoffensive MV: Neue Regiobuslinie zwischen Sternberg und G\u00fcstrow","datePublished":"2024-03-04T10:27:54+00:00","dateModified":"2024-03-04T15:06:23+00:00","mainEntityOfPage":{"@id":"https:\/\/www.vmv-mbh.de\/mobilitaetsoffensive-mv\/"},"wordCount":734,"publisher":{"@id":"https:\/\/www.vmv-mbh.de\/#organization"},"image":{"@id":"https:\/\/www.vmv-mbh.de\/mobilitaetsoffensive-mv\/#primaryimage"},"thumbnailUrl":"https:\/\/www.vmv-mbh.de\/wp-content\/uploads\/rebus-270-scaled.jpg","keywords":["rebus","Land MV","Staatssekret\u00e4rin Ines Jesse","Regiobus","VMV-Verkehrsgesellschaft Mecklenburg-Vorpommern","Mobilitt\u00e4tsoffensive","Verkehrsministerium MV"],"articleSection":["Allgemein"],"inLanguage":"en-GB"},{"@type":"WebPage","@id":"https:\/\/www.vmv-mbh.de\/mobilitaetsoffensive-mv\/","url":"https:\/\/www.vmv-mbh.de\/mobilitaetsoffensive-mv\/","name":"Mobilit\u00e4tsoffensive MV: Neue Regiobuslinie zwischen Sternberg und G\u00fcstrow - VMV-Verkehrsgesellschaft Mecklenburg-Vorpommern","isPartOf":{"@id":"https:\/\/www.vmv-mbh.de\/#website"},"primaryImageOfPage":{"@id":"https:\/\/www.vmv-mbh.de\/mobilitaetsoffensive-mv\/#primaryimage"},"image":{"@id":"https:\/\/www.vmv-mbh.de\/mobilitaetsoffensive-mv\/#primaryimage"},"thumbnailUrl":"https:\/\/www.vmv-mbh.de\/wp-content\/uploads\/rebus-270-scaled.jpg","datePublished":"2024-03-04T10:27:54+00:00","dateModified":"2024-03-04T15:06:23+00:00","description":"Neue Regiobuslinie zwischen Sternberg und G\u00fcstrow","breadcrumb":{"@id":"https:\/\/www.vmv-mbh.de\/mobilitaetsoffensive-mv\/#breadcrumb"},"inLanguage":"en-GB","potentialAction":[{"@type":"ReadAction","target":["https:\/\/www.vmv-mbh.de\/mobilitaetsoffensive-mv\/"]}]},{"@type":"ImageObject","inLanguage":"en-GB","@id":"https:\/\/www.vmv-mbh.de\/mobilitaetsoffensive-mv\/#primaryimage","url":"https:\/\/www.vmv-mbh.de\/wp-content\/uploads\/rebus-270-scaled.jpg","contentUrl":"https:\/\/www.vmv-mbh.de\/wp-content\/uploads\/rebus-270-scaled.jpg","width":2560,"height":1707},{"@type":"BreadcrumbList","@id":"https:\/\/www.vmv-mbh.de\/mobilitaetsoffensive-mv\/#breadcrumb","itemListElement":[{"@type":"ListItem","position":1,"name":"Startseite","item":"https:\/\/www.vmv-mbh.de\/"},{"@type":"ListItem","position":2,"name":"Mobilit\u00e4tsoffensive MV: Neue Regiobuslinie zwischen Sternberg und G\u00fcstrow"}]},{"@type":"WebSite","@id":"https:\/\/www.vmv-mbh.de\/#website","url":"https:\/\/www.vmv-mbh.de\/","name":"VMV Transport Company Mecklenburg-Western Pomerania","description":"VMV - Verkehrsgesellschaft M-V","publisher":{"@id":"https:\/\/www.vmv-mbh.de\/#organization"},"potentialAction":[{"@type":"SearchAction","target":{"@type":"EntryPoint","urlTemplate":"https:\/\/www.vmv-mbh.de\/?s={search_term_string}"},"query-input":{"@type":"PropertyValueSpecification","valueRequired":true,"valueName":"search_term_string"}}],"inLanguage":"en-GB"},{"@type":"Organization","@id":"https:\/\/www.vmv-mbh.de\/#organization","name":"VMV - Verkehrsgesellschaft Mecklenburg-Vorpommern mbH","url":"https:\/\/www.vmv-mbh.de\/","logo":{"@type":"ImageObject","inLanguage":"en-GB","@id":"https:\/\/www.vmv-mbh.de\/#\/schema\/logo\/image\/","url":"https:\/\/www.vmv-mbh.de\/wp-content\/uploads\/brand-vmv-vmv-logo-quer-inv.png","contentUrl":"https:\/\/www.vmv-mbh.de\/wp-content\/uploads\/brand-vmv-vmv-logo-quer-inv.png","width":384,"height":64,"caption":"VMV \u2013 Verkehrsgesellschaft Mecklenburg-Vorpommern mbH"},"image":{"@id":"https:\/\/www.vmv-mbh.de\/#\/schema\/logo\/image\/"}},{"@type":"Person","@id":"https:\/\/www.vmv-mbh.de\/#\/schema\/person\/2cfafd86deaee1c537177c43b9314933","name":"Katharina Henkel","image":{"@type":"ImageObject","inLanguage":"en-GB","@id":"https:\/\/secure.gravatar.com\/avatar\/b93e9f247cea2317b341cba121c5ed6a4745d9d131daf85983e78af1dab7631d?s=96&d=mm&r=g","url":"https:\/\/secure.gravatar.com\/avatar\/b93e9f247cea2317b341cba121c5ed6a4745d9d131daf85983e78af1dab7631d?s=96&d=mm&r=g","contentUrl":"https:\/\/secure.gravatar.com\/avatar\/b93e9f247cea2317b341cba121c5ed6a4745d9d131daf85983e78af1dab7631d?s=96&d=mm&r=g","caption":"Katharina Henkel"},"url":"http:\/\/www.vmv-mbh.de\/en\/author\/katharina-henkel\/"}]}},"_links":{"self":[{"href":"http:\/\/www.vmv-mbh.de\/en\/wp-json\/wp\/v2\/posts\/2951","targetHints":{"allow":["GET"]}}],"collection":[{"href":"http:\/\/www.vmv-mbh.de\/en\/wp-json\/wp\/v2\/posts"}],"about":[{"href":"http:\/\/www.vmv-mbh.de\/en\/wp-json\/wp\/v2\/types\/post"}],"author":[{"embeddable":true,"href":"http:\/\/www.vmv-mbh.de\/en\/wp-json\/wp\/v2\/users\/7"}],"replies":[{"embeddable":true,"href":"http:\/\/www.vmv-mbh.de\/en\/wp-json\/wp\/v2\/comments?post=2951"}],"version-history":[{"count":0,"href":"http:\/\/www.vmv-mbh.de\/en\/wp-json\/wp\/v2\/posts\/2951\/revisions"}],"wp:featuredmedia":[{"embeddable":true,"href":"http:\/\/www.vmv-mbh.de\/en\/wp-json\/wp\/v2\/media\/2953"}],"wp:attachment":[{"href":"http:\/\/www.vmv-mbh.de\/en\/wp-json\/wp\/v2\/media?parent=2951"}],"wp:term":[{"taxonomy":"category","embeddable":true,"href":"http:\/\/www.vmv-mbh.de\/en\/wp-json\/wp\/v2\/categories?post=2951"},{"taxonomy":"post_tag","embeddable":true,"href":"http:\/\/www.vmv-mbh.de\/en\/wp-json\/wp\/v2\/tags?post=2951"}],"curies":[{"name":"wp","href":"https:\/\/api.w.org\/{rel}","templated":true}]}}