{"id":3621,"date":"2025-06-16T07:10:56","date_gmt":"2025-06-16T05:10:56","guid":{"rendered":"https:\/\/www.vmv-mbh.de\/?p=3621"},"modified":"2025-06-17T07:39:59","modified_gmt":"2025-06-17T05:39:59","slug":"regiobus-mv-125-verbindung-zwischen-bad-doberan-und-schwaan-im-neuen-takt","status":"publish","type":"post","link":"http:\/\/www.vmv-mbh.de\/en\/regiobus-mv-125-verbindung-zwischen-bad-doberan-und-schwaan-im-neuen-takt\/","title":{"rendered":"Regiobus MV 125 &#8211; Verbindung zwischen Bad Doberan und Schwaan im neuen Takt"},"content":{"rendered":"<div data-elementor-type=\"wp-post\" data-elementor-id=\"3621\" class=\"elementor elementor-3621\" data-elementor-post-type=\"post\">\n\t\t\t\t\t\t<section class=\"elementor-section elementor-top-section elementor-element elementor-element-52dec4a elementor-section-boxed elementor-section-height-default elementor-section-height-default\" data-id=\"52dec4a\" data-element_type=\"section\" data-e-type=\"section\">\n\t\t\t\t\t\t<div class=\"elementor-container elementor-column-gap-default\">\n\t\t\t\t\t<div class=\"elementor-column elementor-col-100 elementor-top-column elementor-element elementor-element-a16cc3a\" data-id=\"a16cc3a\" data-element_type=\"column\" data-e-type=\"column\">\n\t\t\t<div class=\"elementor-widget-wrap elementor-element-populated\">\n\t\t\t\t\t\t<div class=\"elementor-element elementor-element-5a2db00 elementor-widget elementor-widget-heading\" data-id=\"5a2db00\" data-element_type=\"widget\" data-e-type=\"widget\" data-widget_type=\"heading.default\">\n\t\t\t\t<div class=\"elementor-widget-container\">\n\t\t\t\t\t<h6 class=\"elementor-heading-title elementor-size-default\">Pressemitteilung des Verkehrsunternehmen Regionalbus Rostock (rebus)  <\/h6>\t\t\t\t<\/div>\n\t\t\t\t<\/div>\n\t\t\t\t<div class=\"elementor-element elementor-element-890c456 elementor-widget elementor-widget-text-editor\" data-id=\"890c456\" data-element_type=\"widget\" data-e-type=\"widget\" data-widget_type=\"text-editor.default\">\n\t\t\t\t<div class=\"elementor-widget-container\">\n\t\t\t\t\t\t\t\t\t<p><strong>Ab dem 16. Juni 2025 wird die Linie 125 der rebus Regionalbus Rostock GmbH zwischen Bad Doberan, Ziesendorf und Schwaan Teil des landesweiten Regiobus-MV-Netzes. Im Rahmen der Mobilit\u00e4tsoffensive des Landes Mecklenburg-Vorpommern f\u00e4hrt sie dann t\u00e4glich im durchgehenden 120-Minuten-Takt, zus\u00e4tzlich zum bestehenden Sch\u00fclerverkehr. Die Buslinie verbindet zwei Bahnh\u00f6fe direkt miteinander \u2013 Bad Doberan und Schwaan \u2013 und bietet dabei verl\u00e4ssliche Anschl\u00fcsse zur S-Bahn in und aus Richtung G\u00fcstrow.<\/strong><br \/>\u201eBesonders hervorzuheben ist, dass die Linie 125 nun auch an Wochenenden und Feiertagen im regelm\u00e4\u00dfigen 120-Minuten-Takt verkehrt\u201c, betonte rebus- Gesch\u00e4ftsf\u00fchrer Thomas Nienkerk. \u201eDies sorgt f\u00fcr eine sp\u00fcrbare Verbesserung der Mobilit\u00e4t und Flexibilit\u00e4t f\u00fcr Fahrg\u00e4ste in der Region.\u201c<\/p><p><strong>Optimale Anschlussm\u00f6glichkeiten<\/strong> <br \/>Am ZOB Bad Doberan bestehen weiterhin optimale Anschlussm\u00f6glichkeiten an die Linie 119 (Warnem\u00fcnde\/L\u00fctten Klein \u2013 Elmenhorst \u2013 Bad Doberan) in Richtung L\u00fctten Klein sowie an die Linie 121 (Rostock \u2013 Bad Doberan \u2013 K\u00fchlungsborn \u2013 Rerik) in Richtung Rerik und Rostock. Damit wird ein dichteres Netz f\u00fcr den Nahverkehr in der Region geschaffen \u2013 verl\u00e4sslich, leicht merkbar und unabh\u00e4ngig von Schul- und Ferienzeiten.<\/p><p><strong>Nachhaltig unterwegs mit Wasserstoff<\/strong><br \/>Ein besonderes Augenmerk liegt auf dem Klimaschutz. Auf der Linie 125 kommen moderne Wasserstoffbusse zum Einsatz. Diese bieten eine emissionsfreie Alternative zu herk\u00f6mmlichen Antrieben und tragen zur nachhaltigen Entwicklung des \u00f6ffentlichen Nahverkehrs in Mecklenburg-Vorpommern bei. Damit wird die Linie nicht nur zu einer praktischen, sondern auch zu einer umweltfreundlichen Erg\u00e4nzung im Regiobus-MV-Netz.<\/p><p><strong>Landesweites Regiobusnetz w\u00e4chst<\/strong><br \/>Die Regiobuslinie 125 ist die neunte Linie im landesweiten Regiobusnetz MV, das mit dem Fahrplanwechsel im Dezember 2023 gestartet ist. Ziel der Initiative ist es, auch in l\u00e4ndlichen Regionen stabile Busverbindungen mit einheitlichen Qualit\u00e4tsstandards zu schaffen. Die Linien verkehren t\u00e4glich, in regelm\u00e4\u00dfigen Takten, und sind mit dem Bahnverkehr verkn\u00fcpft.<br \/>Seit M\u00e4rz 2024 geh\u00f6rt auch die rebus-Regiobuslinie 270 zwischen G\u00fcstrow und Sternberg zum landesweiten Regiobus-MV-Netz. Sie verbindet t\u00e4glich im 120-Minuten-Takt die Regionen landkreis\u00fcbergreifend miteinander und erm\u00f6glicht in Sternberg einen direkten Anschluss an die Linie 170 in Richtung Schwerin.<\/p><p><em>Weitere Informationen unter <a href=\"http:\/\/www.rebus.de\/\" target=\"_blank\" rel=\"noopener\">www.rebus.de<\/a> and <a href=\"http:\/\/www.vmv-mbh.de\/en\/landesnetz\/landesweites-busnetz-mv\/\" target=\"_blank\" rel=\"noopener\">www.vmv-mbh.de\/landesnetz\/landesweites-busnetz-mv<\/a><\/em><\/p>\t\t\t\t\t\t\t\t<\/div>\n\t\t\t\t<\/div>\n\t\t\t\t\t<\/div>\n\t\t<\/div>\n\t\t\t\t\t<\/div>\n\t\t<\/section>\n\t\t\t\t<section class=\"elementor-section elementor-top-section elementor-element elementor-element-7827704 elementor-section-boxed elementor-section-height-default elementor-section-height-default\" data-id=\"7827704\" data-element_type=\"section\" data-e-type=\"section\">\n\t\t\t\t\t\t<div class=\"elementor-container elementor-column-gap-default\">\n\t\t\t\t\t<div class=\"elementor-column elementor-col-100 elementor-top-column elementor-element elementor-element-008c019\" data-id=\"008c019\" data-element_type=\"column\" data-e-type=\"column\">\n\t\t\t<div class=\"elementor-widget-wrap\">\n\t\t\t\t\t\t\t<\/div>\n\t\t<\/div>\n\t\t\t\t\t<\/div>\n\t\t<\/section>\n\t\t\t\t<\/div>","protected":false},"excerpt":{"rendered":"<p>Pressemitteilung des Verkehrsunternehmen Regionalbus Rostock (rebus) Ab dem 16. Juni 2025 wird die Linie 125 der rebus Regionalbus Rostock GmbH zwischen Bad Doberan, Ziesendorf und Schwaan Teil des landesweiten Regiobus-MV-Netzes. Im Rahmen der Mobilit\u00e4tsoffensive des Landes Mecklenburg-Vorpommern f\u00e4hrt sie dann t\u00e4glich im durchgehenden 120-Minuten-Takt, zus\u00e4tzlich zum bestehenden Sch\u00fclerverkehr. Die Buslinie verbindet zwei Bahnh\u00f6fe direkt miteinander&hellip;<\/p>","protected":false},"author":6,"featured_media":3123,"comment_status":"closed","ping_status":"closed","sticky":false,"template":"","format":"standard","meta":{"_acf_changed":false,"footnotes":""},"categories":[1],"tags":[314,315,240,34],"class_list":["post-3621","post","type-post","status-publish","format-standard","has-post-thumbnail","hentry","category-allgemein","tag-regiobus-mv","tag-neue-regiobuslinie","tag-landkreis-rostock","tag-nahverkehr"],"acf":[],"yoast_head":"<!-- This site is optimized with the Yoast SEO plugin v27.4 - https:\/\/yoast.com\/product\/yoast-seo-wordpress\/ -->\n<title>Regiobus MV 125 - Verbindung zwischen Bad Doberan und Schwaan im neuen Takt - VMV-Verkehrsgesellschaft Mecklenburg-Vorpommern<\/title>\n<meta name=\"description\" content=\"Ab dem 16. Juni 2025 wird die Linie 125 der rebus Regionalbus Rostock GmbH zwischen Bad Doberan, Ziesendorf und Schwaan Teil des landesweiten Regiobus-MV-Netzes.\" \/>\n<meta name=\"robots\" content=\"index, follow, max-snippet:-1, max-image-preview:large, max-video-preview:-1\" \/>\n<link rel=\"canonical\" href=\"https:\/\/www.vmv-mbh.de\/en\/regiobus-mv-125-verbindung-zwischen-bad-doberan-und-schwaan-im-neuen-takt\/\" \/>\n<meta property=\"og:locale\" content=\"en_GB\" \/>\n<meta property=\"og:type\" content=\"article\" \/>\n<meta property=\"og:title\" content=\"Regiobus MV 125 - Verbindung zwischen Bad Doberan und Schwaan im neuen Takt - VMV-Verkehrsgesellschaft Mecklenburg-Vorpommern\" \/>\n<meta property=\"og:description\" content=\"Ab dem 16. Juni 2025 wird die Linie 125 der rebus Regionalbus Rostock GmbH zwischen Bad Doberan, Ziesendorf und Schwaan Teil des landesweiten Regiobus-MV-Netzes.\" \/>\n<meta property=\"og:url\" content=\"https:\/\/www.vmv-mbh.de\/en\/regiobus-mv-125-verbindung-zwischen-bad-doberan-und-schwaan-im-neuen-takt\/\" \/>\n<meta property=\"og:site_name\" content=\"VMV-Verkehrsgesellschaft Mecklenburg-Vorpommern\" \/>\n<meta property=\"article:published_time\" content=\"2025-06-16T05:10:56+00:00\" \/>\n<meta property=\"article:modified_time\" content=\"2025-06-17T05:39:59+00:00\" \/>\n<meta property=\"og:image\" content=\"https:\/\/www.vmv-mbh.de\/wp-content\/uploads\/regiobus_mv_rebus.jpg\" \/>\n\t<meta property=\"og:image:width\" content=\"1080\" \/>\n\t<meta property=\"og:image:height\" content=\"1080\" \/>\n\t<meta property=\"og:image:type\" content=\"image\/jpeg\" \/>\n<meta name=\"author\" content=\"PS-2\" \/>\n<meta name=\"twitter:card\" content=\"summary_large_image\" \/>\n<meta name=\"twitter:label1\" content=\"Written by\" \/>\n\t<meta name=\"twitter:data1\" content=\"PS-2\" \/>\n\t<meta name=\"twitter:label2\" content=\"Estimated reading time\" \/>\n\t<meta name=\"twitter:data2\" content=\"2 minutes\" \/>\n<script type=\"application\/ld+json\" class=\"yoast-schema-graph\">{\"@context\":\"https:\\\/\\\/schema.org\",\"@graph\":[{\"@type\":\"Article\",\"@id\":\"https:\\\/\\\/www.vmv-mbh.de\\\/regiobus-mv-125-verbindung-zwischen-bad-doberan-und-schwaan-im-neuen-takt\\\/#article\",\"isPartOf\":{\"@id\":\"https:\\\/\\\/www.vmv-mbh.de\\\/regiobus-mv-125-verbindung-zwischen-bad-doberan-und-schwaan-im-neuen-takt\\\/\"},\"author\":{\"name\":\"PS-2\",\"@id\":\"https:\\\/\\\/www.vmv-mbh.de\\\/#\\\/schema\\\/person\\\/6a0351a481204e9b223f3a62eebf686b\"},\"headline\":\"Regiobus MV 125 &#8211; Verbindung zwischen Bad Doberan und Schwaan im neuen Takt\",\"datePublished\":\"2025-06-16T05:10:56+00:00\",\"dateModified\":\"2025-06-17T05:39:59+00:00\",\"mainEntityOfPage\":{\"@id\":\"https:\\\/\\\/www.vmv-mbh.de\\\/regiobus-mv-125-verbindung-zwischen-bad-doberan-und-schwaan-im-neuen-takt\\\/\"},\"wordCount\":367,\"publisher\":{\"@id\":\"https:\\\/\\\/www.vmv-mbh.de\\\/#organization\"},\"image\":{\"@id\":\"https:\\\/\\\/www.vmv-mbh.de\\\/regiobus-mv-125-verbindung-zwischen-bad-doberan-und-schwaan-im-neuen-takt\\\/#primaryimage\"},\"thumbnailUrl\":\"https:\\\/\\\/www.vmv-mbh.de\\\/wp-content\\\/uploads\\\/regiobus_mv_rebus.jpg\",\"keywords\":[\"Regiobus MV\",\"neue Regiobuslinie\",\"Landkreis Rostock\",\"Nahverkehr\"],\"articleSection\":[\"Allgemein\"],\"inLanguage\":\"en-GB\"},{\"@type\":\"WebPage\",\"@id\":\"https:\\\/\\\/www.vmv-mbh.de\\\/regiobus-mv-125-verbindung-zwischen-bad-doberan-und-schwaan-im-neuen-takt\\\/\",\"url\":\"https:\\\/\\\/www.vmv-mbh.de\\\/regiobus-mv-125-verbindung-zwischen-bad-doberan-und-schwaan-im-neuen-takt\\\/\",\"name\":\"Regiobus MV 125 - Verbindung zwischen Bad Doberan und Schwaan im neuen Takt - VMV-Verkehrsgesellschaft Mecklenburg-Vorpommern\",\"isPartOf\":{\"@id\":\"https:\\\/\\\/www.vmv-mbh.de\\\/#website\"},\"primaryImageOfPage\":{\"@id\":\"https:\\\/\\\/www.vmv-mbh.de\\\/regiobus-mv-125-verbindung-zwischen-bad-doberan-und-schwaan-im-neuen-takt\\\/#primaryimage\"},\"image\":{\"@id\":\"https:\\\/\\\/www.vmv-mbh.de\\\/regiobus-mv-125-verbindung-zwischen-bad-doberan-und-schwaan-im-neuen-takt\\\/#primaryimage\"},\"thumbnailUrl\":\"https:\\\/\\\/www.vmv-mbh.de\\\/wp-content\\\/uploads\\\/regiobus_mv_rebus.jpg\",\"datePublished\":\"2025-06-16T05:10:56+00:00\",\"dateModified\":\"2025-06-17T05:39:59+00:00\",\"description\":\"Ab dem 16. Juni 2025 wird die Linie 125 der rebus Regionalbus Rostock GmbH zwischen Bad Doberan, Ziesendorf und Schwaan Teil des landesweiten Regiobus-MV-Netzes.\",\"breadcrumb\":{\"@id\":\"https:\\\/\\\/www.vmv-mbh.de\\\/regiobus-mv-125-verbindung-zwischen-bad-doberan-und-schwaan-im-neuen-takt\\\/#breadcrumb\"},\"inLanguage\":\"en-GB\",\"potentialAction\":[{\"@type\":\"ReadAction\",\"target\":[\"https:\\\/\\\/www.vmv-mbh.de\\\/regiobus-mv-125-verbindung-zwischen-bad-doberan-und-schwaan-im-neuen-takt\\\/\"]}]},{\"@type\":\"ImageObject\",\"inLanguage\":\"en-GB\",\"@id\":\"https:\\\/\\\/www.vmv-mbh.de\\\/regiobus-mv-125-verbindung-zwischen-bad-doberan-und-schwaan-im-neuen-takt\\\/#primaryimage\",\"url\":\"https:\\\/\\\/www.vmv-mbh.de\\\/wp-content\\\/uploads\\\/regiobus_mv_rebus.jpg\",\"contentUrl\":\"https:\\\/\\\/www.vmv-mbh.de\\\/wp-content\\\/uploads\\\/regiobus_mv_rebus.jpg\",\"width\":1080,\"height\":1080},{\"@type\":\"BreadcrumbList\",\"@id\":\"https:\\\/\\\/www.vmv-mbh.de\\\/regiobus-mv-125-verbindung-zwischen-bad-doberan-und-schwaan-im-neuen-takt\\\/#breadcrumb\",\"itemListElement\":[{\"@type\":\"ListItem\",\"position\":1,\"name\":\"Startseite\",\"item\":\"https:\\\/\\\/www.vmv-mbh.de\\\/\"},{\"@type\":\"ListItem\",\"position\":2,\"name\":\"Regiobus MV 125 &#8211; Verbindung zwischen Bad Doberan und Schwaan im neuen Takt\"}]},{\"@type\":\"WebSite\",\"@id\":\"https:\\\/\\\/www.vmv-mbh.de\\\/#website\",\"url\":\"https:\\\/\\\/www.vmv-mbh.de\\\/\",\"name\":\"VMV-Verkehrsgesellschaft Mecklenburg-Vorpommern\",\"description\":\"VMV \u2013 Verkehrsgesellschaft M-V\",\"publisher\":{\"@id\":\"https:\\\/\\\/www.vmv-mbh.de\\\/#organization\"},\"potentialAction\":[{\"@type\":\"SearchAction\",\"target\":{\"@type\":\"EntryPoint\",\"urlTemplate\":\"https:\\\/\\\/www.vmv-mbh.de\\\/?s={search_term_string}\"},\"query-input\":{\"@type\":\"PropertyValueSpecification\",\"valueRequired\":true,\"valueName\":\"search_term_string\"}}],\"inLanguage\":\"en-GB\"},{\"@type\":\"Organization\",\"@id\":\"https:\\\/\\\/www.vmv-mbh.de\\\/#organization\",\"name\":\"VMV \u2013 Verkehrsgesellschaft Mecklenburg-Vorpommern mbH\",\"url\":\"https:\\\/\\\/www.vmv-mbh.de\\\/\",\"logo\":{\"@type\":\"ImageObject\",\"inLanguage\":\"en-GB\",\"@id\":\"https:\\\/\\\/www.vmv-mbh.de\\\/#\\\/schema\\\/logo\\\/image\\\/\",\"url\":\"https:\\\/\\\/www.vmv-mbh.de\\\/wp-content\\\/uploads\\\/brand-vmv-vmv-logo-quer-inv.png\",\"contentUrl\":\"https:\\\/\\\/www.vmv-mbh.de\\\/wp-content\\\/uploads\\\/brand-vmv-vmv-logo-quer-inv.png\",\"width\":384,\"height\":64,\"caption\":\"VMV \u2013 Verkehrsgesellschaft Mecklenburg-Vorpommern mbH\"},\"image\":{\"@id\":\"https:\\\/\\\/www.vmv-mbh.de\\\/#\\\/schema\\\/logo\\\/image\\\/\"}},{\"@type\":\"Person\",\"@id\":\"https:\\\/\\\/www.vmv-mbh.de\\\/#\\\/schema\\\/person\\\/6a0351a481204e9b223f3a62eebf686b\",\"name\":\"PS-2\",\"image\":{\"@type\":\"ImageObject\",\"inLanguage\":\"en-GB\",\"@id\":\"https:\\\/\\\/secure.gravatar.com\\\/avatar\\\/4030b641b3c1da7099f5e08231fbadb6b19b8eaa9e54909ff4f3523948e8daf3?s=96&d=mm&r=g\",\"url\":\"https:\\\/\\\/secure.gravatar.com\\\/avatar\\\/4030b641b3c1da7099f5e08231fbadb6b19b8eaa9e54909ff4f3523948e8daf3?s=96&d=mm&r=g\",\"contentUrl\":\"https:\\\/\\\/secure.gravatar.com\\\/avatar\\\/4030b641b3c1da7099f5e08231fbadb6b19b8eaa9e54909ff4f3523948e8daf3?s=96&d=mm&r=g\",\"caption\":\"PS-2\"},\"url\":\"http:\\\/\\\/www.vmv-mbh.de\\\/en\\\/author\\\/diana-raeth\\\/\"}]}<\/script>\n<!-- \/ Yoast SEO plugin. -->","yoast_head_json":{"title":"Regiobus MV 125 - Verbindung zwischen Bad Doberan und Schwaan im neuen Takt - VMV-Verkehrsgesellschaft Mecklenburg-Vorpommern","description":"Ab dem 16. Juni 2025 wird die Linie 125 der rebus Regionalbus Rostock GmbH zwischen Bad Doberan, Ziesendorf und Schwaan Teil des landesweiten Regiobus-MV-Netzes.","robots":{"index":"index","follow":"follow","max-snippet":"max-snippet:-1","max-image-preview":"max-image-preview:large","max-video-preview":"max-video-preview:-1"},"canonical":"https:\/\/www.vmv-mbh.de\/en\/regiobus-mv-125-verbindung-zwischen-bad-doberan-und-schwaan-im-neuen-takt\/","og_locale":"en_GB","og_type":"article","og_title":"Regiobus MV 125 - Verbindung zwischen Bad Doberan und Schwaan im neuen Takt - VMV-Verkehrsgesellschaft Mecklenburg-Vorpommern","og_description":"Ab dem 16. Juni 2025 wird die Linie 125 der rebus Regionalbus Rostock GmbH zwischen Bad Doberan, Ziesendorf und Schwaan Teil des landesweiten Regiobus-MV-Netzes.","og_url":"https:\/\/www.vmv-mbh.de\/en\/regiobus-mv-125-verbindung-zwischen-bad-doberan-und-schwaan-im-neuen-takt\/","og_site_name":"VMV-Verkehrsgesellschaft Mecklenburg-Vorpommern","article_published_time":"2025-06-16T05:10:56+00:00","article_modified_time":"2025-06-17T05:39:59+00:00","og_image":[{"width":1080,"height":1080,"url":"https:\/\/www.vmv-mbh.de\/wp-content\/uploads\/regiobus_mv_rebus.jpg","type":"image\/jpeg"}],"author":"PS-2","twitter_card":"summary_large_image","twitter_misc":{"Written by":"PS-2","Estimated reading time":"2 minutes"},"schema":{"@context":"https:\/\/schema.org","@graph":[{"@type":"Article","@id":"https:\/\/www.vmv-mbh.de\/regiobus-mv-125-verbindung-zwischen-bad-doberan-und-schwaan-im-neuen-takt\/#article","isPartOf":{"@id":"https:\/\/www.vmv-mbh.de\/regiobus-mv-125-verbindung-zwischen-bad-doberan-und-schwaan-im-neuen-takt\/"},"author":{"name":"PS-2","@id":"https:\/\/www.vmv-mbh.de\/#\/schema\/person\/6a0351a481204e9b223f3a62eebf686b"},"headline":"Regiobus MV 125 &#8211; Verbindung zwischen Bad Doberan und Schwaan im neuen Takt","datePublished":"2025-06-16T05:10:56+00:00","dateModified":"2025-06-17T05:39:59+00:00","mainEntityOfPage":{"@id":"https:\/\/www.vmv-mbh.de\/regiobus-mv-125-verbindung-zwischen-bad-doberan-und-schwaan-im-neuen-takt\/"},"wordCount":367,"publisher":{"@id":"https:\/\/www.vmv-mbh.de\/#organization"},"image":{"@id":"https:\/\/www.vmv-mbh.de\/regiobus-mv-125-verbindung-zwischen-bad-doberan-und-schwaan-im-neuen-takt\/#primaryimage"},"thumbnailUrl":"https:\/\/www.vmv-mbh.de\/wp-content\/uploads\/regiobus_mv_rebus.jpg","keywords":["Regiobus MV","neue Regiobuslinie","Landkreis Rostock","Nahverkehr"],"articleSection":["Allgemein"],"inLanguage":"en-GB"},{"@type":"WebPage","@id":"https:\/\/www.vmv-mbh.de\/regiobus-mv-125-verbindung-zwischen-bad-doberan-und-schwaan-im-neuen-takt\/","url":"https:\/\/www.vmv-mbh.de\/regiobus-mv-125-verbindung-zwischen-bad-doberan-und-schwaan-im-neuen-takt\/","name":"Regiobus MV 125 - Verbindung zwischen Bad Doberan und Schwaan im neuen Takt - VMV-Verkehrsgesellschaft Mecklenburg-Vorpommern","isPartOf":{"@id":"https:\/\/www.vmv-mbh.de\/#website"},"primaryImageOfPage":{"@id":"https:\/\/www.vmv-mbh.de\/regiobus-mv-125-verbindung-zwischen-bad-doberan-und-schwaan-im-neuen-takt\/#primaryimage"},"image":{"@id":"https:\/\/www.vmv-mbh.de\/regiobus-mv-125-verbindung-zwischen-bad-doberan-und-schwaan-im-neuen-takt\/#primaryimage"},"thumbnailUrl":"https:\/\/www.vmv-mbh.de\/wp-content\/uploads\/regiobus_mv_rebus.jpg","datePublished":"2025-06-16T05:10:56+00:00","dateModified":"2025-06-17T05:39:59+00:00","description":"Ab dem 16. Juni 2025 wird die Linie 125 der rebus Regionalbus Rostock GmbH zwischen Bad Doberan, Ziesendorf und Schwaan Teil des landesweiten Regiobus-MV-Netzes.","breadcrumb":{"@id":"https:\/\/www.vmv-mbh.de\/regiobus-mv-125-verbindung-zwischen-bad-doberan-und-schwaan-im-neuen-takt\/#breadcrumb"},"inLanguage":"en-GB","potentialAction":[{"@type":"ReadAction","target":["https:\/\/www.vmv-mbh.de\/regiobus-mv-125-verbindung-zwischen-bad-doberan-und-schwaan-im-neuen-takt\/"]}]},{"@type":"ImageObject","inLanguage":"en-GB","@id":"https:\/\/www.vmv-mbh.de\/regiobus-mv-125-verbindung-zwischen-bad-doberan-und-schwaan-im-neuen-takt\/#primaryimage","url":"https:\/\/www.vmv-mbh.de\/wp-content\/uploads\/regiobus_mv_rebus.jpg","contentUrl":"https:\/\/www.vmv-mbh.de\/wp-content\/uploads\/regiobus_mv_rebus.jpg","width":1080,"height":1080},{"@type":"BreadcrumbList","@id":"https:\/\/www.vmv-mbh.de\/regiobus-mv-125-verbindung-zwischen-bad-doberan-und-schwaan-im-neuen-takt\/#breadcrumb","itemListElement":[{"@type":"ListItem","position":1,"name":"Startseite","item":"https:\/\/www.vmv-mbh.de\/"},{"@type":"ListItem","position":2,"name":"Regiobus MV 125 &#8211; Verbindung zwischen Bad Doberan und Schwaan im neuen Takt"}]},{"@type":"WebSite","@id":"https:\/\/www.vmv-mbh.de\/#website","url":"https:\/\/www.vmv-mbh.de\/","name":"VMV Transport Company Mecklenburg-Western Pomerania","description":"VMV - Verkehrsgesellschaft M-V","publisher":{"@id":"https:\/\/www.vmv-mbh.de\/#organization"},"potentialAction":[{"@type":"SearchAction","target":{"@type":"EntryPoint","urlTemplate":"https:\/\/www.vmv-mbh.de\/?s={search_term_string}"},"query-input":{"@type":"PropertyValueSpecification","valueRequired":true,"valueName":"search_term_string"}}],"inLanguage":"en-GB"},{"@type":"Organization","@id":"https:\/\/www.vmv-mbh.de\/#organization","name":"VMV - Verkehrsgesellschaft Mecklenburg-Vorpommern mbH","url":"https:\/\/www.vmv-mbh.de\/","logo":{"@type":"ImageObject","inLanguage":"en-GB","@id":"https:\/\/www.vmv-mbh.de\/#\/schema\/logo\/image\/","url":"https:\/\/www.vmv-mbh.de\/wp-content\/uploads\/brand-vmv-vmv-logo-quer-inv.png","contentUrl":"https:\/\/www.vmv-mbh.de\/wp-content\/uploads\/brand-vmv-vmv-logo-quer-inv.png","width":384,"height":64,"caption":"VMV \u2013 Verkehrsgesellschaft Mecklenburg-Vorpommern mbH"},"image":{"@id":"https:\/\/www.vmv-mbh.de\/#\/schema\/logo\/image\/"}},{"@type":"Person","@id":"https:\/\/www.vmv-mbh.de\/#\/schema\/person\/6a0351a481204e9b223f3a62eebf686b","name":"PS-2","image":{"@type":"ImageObject","inLanguage":"en-GB","@id":"https:\/\/secure.gravatar.com\/avatar\/4030b641b3c1da7099f5e08231fbadb6b19b8eaa9e54909ff4f3523948e8daf3?s=96&d=mm&r=g","url":"https:\/\/secure.gravatar.com\/avatar\/4030b641b3c1da7099f5e08231fbadb6b19b8eaa9e54909ff4f3523948e8daf3?s=96&d=mm&r=g","contentUrl":"https:\/\/secure.gravatar.com\/avatar\/4030b641b3c1da7099f5e08231fbadb6b19b8eaa9e54909ff4f3523948e8daf3?s=96&d=mm&r=g","caption":"PS-2"},"url":"http:\/\/www.vmv-mbh.de\/en\/author\/diana-raeth\/"}]}},"_links":{"self":[{"href":"http:\/\/www.vmv-mbh.de\/en\/wp-json\/wp\/v2\/posts\/3621","targetHints":{"allow":["GET"]}}],"collection":[{"href":"http:\/\/www.vmv-mbh.de\/en\/wp-json\/wp\/v2\/posts"}],"about":[{"href":"http:\/\/www.vmv-mbh.de\/en\/wp-json\/wp\/v2\/types\/post"}],"author":[{"embeddable":true,"href":"http:\/\/www.vmv-mbh.de\/en\/wp-json\/wp\/v2\/users\/6"}],"replies":[{"embeddable":true,"href":"http:\/\/www.vmv-mbh.de\/en\/wp-json\/wp\/v2\/comments?post=3621"}],"version-history":[{"count":0,"href":"http:\/\/www.vmv-mbh.de\/en\/wp-json\/wp\/v2\/posts\/3621\/revisions"}],"wp:featuredmedia":[{"embeddable":true,"href":"http:\/\/www.vmv-mbh.de\/en\/wp-json\/wp\/v2\/media\/3123"}],"wp:attachment":[{"href":"http:\/\/www.vmv-mbh.de\/en\/wp-json\/wp\/v2\/media?parent=3621"}],"wp:term":[{"taxonomy":"category","embeddable":true,"href":"http:\/\/www.vmv-mbh.de\/en\/wp-json\/wp\/v2\/categories?post=3621"},{"taxonomy":"post_tag","embeddable":true,"href":"http:\/\/www.vmv-mbh.de\/en\/wp-json\/wp\/v2\/tags?post=3621"}],"curies":[{"name":"wp","href":"https:\/\/api.w.org\/{rel}","templated":true}]}}