{"id":3648,"date":"2025-06-27T15:27:48","date_gmt":"2025-06-27T13:27:48","guid":{"rendered":"https:\/\/www.vmv-mbh.de\/?p=3648"},"modified":"2025-07-01T14:15:27","modified_gmt":"2025-07-01T12:15:27","slug":"100-jahre-bahnstrecke-roevershagen-graal-mueritz","status":"publish","type":"post","link":"http:\/\/www.vmv-mbh.de\/en\/100-jahre-bahnstrecke-roevershagen-graal-mueritz\/","title":{"rendered":"100 Jahre Bahnstrecke R\u00f6vershagen \u2013 Graal-M\u00fcritz"},"content":{"rendered":"<div data-elementor-type=\"wp-post\" data-elementor-id=\"3648\" class=\"elementor elementor-3648\" data-elementor-post-type=\"post\">\n\t\t\t\t\t\t<section class=\"elementor-section elementor-top-section elementor-element elementor-element-389f22b1 elementor-section-boxed elementor-section-height-default elementor-section-height-default\" data-id=\"389f22b1\" data-element_type=\"section\" data-e-type=\"section\">\n\t\t\t\t\t\t<div class=\"elementor-container elementor-column-gap-default\">\n\t\t\t\t\t<div class=\"elementor-column elementor-col-100 elementor-top-column elementor-element elementor-element-69f8b0d0\" data-id=\"69f8b0d0\" data-element_type=\"column\" data-e-type=\"column\">\n\t\t\t<div class=\"elementor-widget-wrap elementor-element-populated\">\n\t\t\t\t\t\t<div class=\"elementor-element elementor-element-7f945605 elementor-widget elementor-widget-text-editor\" data-id=\"7f945605\" data-element_type=\"widget\" data-e-type=\"widget\" data-widget_type=\"text-editor.default\">\n\t\t\t\t<div class=\"elementor-widget-container\">\n\t\t\t\t\t\t\t\t\t<p>Am <strong>1. Juli 2025<\/strong> feiert die Bahnstrecke R\u00f6vershagen \u2013 Graal-M\u00fcritz ihr 100-j\u00e4hriges Bestehen. Aus diesem Anlass l\u00e4dt das Ostseeheilbad Graal-M\u00fcritz gemeinsam mit der Tourismus- und Kur GmbH Graal-M\u00fcritz, der Deutschen Bahn AG, dem Heimatmuseum sowie weiteren regionalen Partnern zu einer offiziellen Festveranstaltung ein. Das Land Mecklenburg-Vorpommern unterst\u00fctzt das Jubil\u00e4um mit einer starken Schienenanbindung der Regionen, heute wie damals.<\/p><p>Die Strecke, die seit ihrer Er\u00f6ffnung im Jahr 1925 in Betrieb ist, hat sich \u00fcber die Jahrzehnte zu einer wichtigen Lebensader f\u00fcr die Region entwickelt. Sie verbindet das traditionsreiche Seebad mit dem \u00fcberregionalen Bahnverkehr und hat ma\u00dfgeblich zur touristischen und wirtschaftlichen Entwicklung beigetragen. Noch heute ist sie ein bedeutendes Symbol f\u00fcr Mobilit\u00e4t und regionale Identit\u00e4t.<\/p><p>Anl\u00e4sslich des Jubil\u00e4ums erwartet die G\u00e4ste ein vielf\u00e4ltiges Festprogramm mit kulturellen H\u00f6hepunkten und einem feierlichen Empfang der ankommenden Sonderz\u00fcge. Die Veranstaltung w\u00fcrdigt die historische Bedeutung der Bahnverbindung ebenso wie ihre Rolle f\u00fcr eine nachhaltige, zukunftsorientierte Mobilit\u00e4t im l\u00e4ndlichen Raum.<\/p><p>The <strong>\u201eZeitreisen\u201c<\/strong> starten ab R\u00f6vershagen um <strong>11:44, 13:44 und 14:46 Uhr<\/strong> \u2013 und erreichen Graal-M\u00fcritz jeweils nur elf Minuten sp\u00e4ter.<\/p><p>Steigen Sie ein und erleben Sie Ihre ganz pers\u00f6nliche Zeitreise!<\/p>\t\t\t\t\t\t\t\t<\/div>\n\t\t\t\t<\/div>\n\t\t\t\t\t<\/div>\n\t\t<\/div>\n\t\t\t\t\t<\/div>\n\t\t<\/section>\n\t\t\t\t<\/div>","protected":false},"excerpt":{"rendered":"<p>Am 1. Juli 2025 feiert die Bahnstrecke R\u00f6vershagen \u2013 Graal-M\u00fcritz ihr 100-j\u00e4hriges Bestehen. Aus diesem Anlass l\u00e4dt das Ostseeheilbad Graal-M\u00fcritz gemeinsam mit der Tourismus- und Kur GmbH Graal-M\u00fcritz, der Deutschen Bahn AG, dem Heimatmuseum sowie weiteren regionalen Partnern zu einer offiziellen Festveranstaltung ein. Das Land Mecklenburg-Vorpommern unterst\u00fctzt das Jubil\u00e4um mit einer starken Schienenanbindung der Regionen,&hellip;<\/p>","protected":false},"author":6,"featured_media":3649,"comment_status":"closed","ping_status":"closed","sticky":false,"template":"","format":"standard","meta":{"_acf_changed":false,"footnotes":""},"categories":[1],"tags":[332,331,317,267,65,51,53,28],"class_list":["post-3648","post","type-post","status-publish","format-standard","has-post-thumbnail","hentry","category-allgemein","tag-roevershagen","tag-graal-mueritz","tag-bahnstrecke","tag-db-regio","tag-vmv","tag-bahnhof","tag-mecklenburg-vorpommern","tag-zug"],"acf":[],"yoast_head":"<!-- This site is optimized with the Yoast SEO plugin v27.4 - https:\/\/yoast.com\/product\/yoast-seo-wordpress\/ -->\n<title>100 Jahre Bahnstrecke R\u00f6vershagen \u2013 Graal-M\u00fcritz - VMV-Verkehrsgesellschaft Mecklenburg-Vorpommern<\/title>\n<meta name=\"description\" content=\"100 Jahre Bahnstrecke R\u00f6vershagen \u2013 Graal-M\u00fcritz\" \/>\n<meta name=\"robots\" content=\"index, follow, max-snippet:-1, max-image-preview:large, max-video-preview:-1\" \/>\n<link rel=\"canonical\" href=\"https:\/\/www.vmv-mbh.de\/en\/100-jahre-bahnstrecke-roevershagen-graal-mueritz\/\" \/>\n<meta property=\"og:locale\" content=\"en_GB\" \/>\n<meta property=\"og:type\" content=\"article\" \/>\n<meta property=\"og:title\" content=\"100 Jahre Bahnstrecke R\u00f6vershagen \u2013 Graal-M\u00fcritz - VMV-Verkehrsgesellschaft Mecklenburg-Vorpommern\" \/>\n<meta property=\"og:description\" content=\"100 Jahre Bahnstrecke R\u00f6vershagen \u2013 Graal-M\u00fcritz\" \/>\n<meta property=\"og:url\" content=\"https:\/\/www.vmv-mbh.de\/en\/100-jahre-bahnstrecke-roevershagen-graal-mueritz\/\" \/>\n<meta property=\"og:site_name\" content=\"VMV-Verkehrsgesellschaft Mecklenburg-Vorpommern\" \/>\n<meta property=\"article:published_time\" content=\"2025-06-27T13:27:48+00:00\" \/>\n<meta property=\"article:modified_time\" content=\"2025-07-01T12:15:27+00:00\" \/>\n<meta property=\"og:image\" content=\"https:\/\/www.vmv-mbh.de\/wp-content\/uploads\/100-Jahre.jpg\" \/>\n\t<meta property=\"og:image:width\" content=\"640\" \/>\n\t<meta property=\"og:image:height\" content=\"420\" \/>\n\t<meta property=\"og:image:type\" content=\"image\/jpeg\" \/>\n<meta name=\"author\" content=\"PS-2\" \/>\n<meta name=\"twitter:card\" content=\"summary_large_image\" \/>\n<meta name=\"twitter:label1\" content=\"Written by\" \/>\n\t<meta name=\"twitter:data1\" content=\"PS-2\" \/>\n\t<meta name=\"twitter:label2\" content=\"Estimated reading time\" \/>\n\t<meta name=\"twitter:data2\" content=\"2 minutes\" \/>\n<script type=\"application\/ld+json\" class=\"yoast-schema-graph\">{\"@context\":\"https:\\\/\\\/schema.org\",\"@graph\":[{\"@type\":\"Article\",\"@id\":\"https:\\\/\\\/www.vmv-mbh.de\\\/100-jahre-bahnstrecke-roevershagen-graal-mueritz\\\/#article\",\"isPartOf\":{\"@id\":\"https:\\\/\\\/www.vmv-mbh.de\\\/100-jahre-bahnstrecke-roevershagen-graal-mueritz\\\/\"},\"author\":{\"name\":\"PS-2\",\"@id\":\"https:\\\/\\\/www.vmv-mbh.de\\\/#\\\/schema\\\/person\\\/6a0351a481204e9b223f3a62eebf686b\"},\"headline\":\"100 Jahre Bahnstrecke R\u00f6vershagen \u2013 Graal-M\u00fcritz\",\"datePublished\":\"2025-06-27T13:27:48+00:00\",\"dateModified\":\"2025-07-01T12:15:27+00:00\",\"mainEntityOfPage\":{\"@id\":\"https:\\\/\\\/www.vmv-mbh.de\\\/100-jahre-bahnstrecke-roevershagen-graal-mueritz\\\/\"},\"wordCount\":208,\"publisher\":{\"@id\":\"https:\\\/\\\/www.vmv-mbh.de\\\/#organization\"},\"image\":{\"@id\":\"https:\\\/\\\/www.vmv-mbh.de\\\/100-jahre-bahnstrecke-roevershagen-graal-mueritz\\\/#primaryimage\"},\"thumbnailUrl\":\"https:\\\/\\\/www.vmv-mbh.de\\\/wp-content\\\/uploads\\\/100-Jahre.jpg\",\"keywords\":[\"R\u00f6vershagen\",\"Graal-M\u00fcritz\",\"Bahnstrecke\",\"DB Regio\",\"VMV\",\"Bahnhof\",\"Mecklenburg-Vorpommern\",\"Zug\"],\"articleSection\":[\"Allgemein\"],\"inLanguage\":\"en-GB\"},{\"@type\":\"WebPage\",\"@id\":\"https:\\\/\\\/www.vmv-mbh.de\\\/100-jahre-bahnstrecke-roevershagen-graal-mueritz\\\/\",\"url\":\"https:\\\/\\\/www.vmv-mbh.de\\\/100-jahre-bahnstrecke-roevershagen-graal-mueritz\\\/\",\"name\":\"100 Jahre Bahnstrecke R\u00f6vershagen \u2013 Graal-M\u00fcritz - VMV-Verkehrsgesellschaft Mecklenburg-Vorpommern\",\"isPartOf\":{\"@id\":\"https:\\\/\\\/www.vmv-mbh.de\\\/#website\"},\"primaryImageOfPage\":{\"@id\":\"https:\\\/\\\/www.vmv-mbh.de\\\/100-jahre-bahnstrecke-roevershagen-graal-mueritz\\\/#primaryimage\"},\"image\":{\"@id\":\"https:\\\/\\\/www.vmv-mbh.de\\\/100-jahre-bahnstrecke-roevershagen-graal-mueritz\\\/#primaryimage\"},\"thumbnailUrl\":\"https:\\\/\\\/www.vmv-mbh.de\\\/wp-content\\\/uploads\\\/100-Jahre.jpg\",\"datePublished\":\"2025-06-27T13:27:48+00:00\",\"dateModified\":\"2025-07-01T12:15:27+00:00\",\"description\":\"100 Jahre Bahnstrecke R\u00f6vershagen \u2013 Graal-M\u00fcritz\",\"breadcrumb\":{\"@id\":\"https:\\\/\\\/www.vmv-mbh.de\\\/100-jahre-bahnstrecke-roevershagen-graal-mueritz\\\/#breadcrumb\"},\"inLanguage\":\"en-GB\",\"potentialAction\":[{\"@type\":\"ReadAction\",\"target\":[\"https:\\\/\\\/www.vmv-mbh.de\\\/100-jahre-bahnstrecke-roevershagen-graal-mueritz\\\/\"]}]},{\"@type\":\"ImageObject\",\"inLanguage\":\"en-GB\",\"@id\":\"https:\\\/\\\/www.vmv-mbh.de\\\/100-jahre-bahnstrecke-roevershagen-graal-mueritz\\\/#primaryimage\",\"url\":\"https:\\\/\\\/www.vmv-mbh.de\\\/wp-content\\\/uploads\\\/100-Jahre.jpg\",\"contentUrl\":\"https:\\\/\\\/www.vmv-mbh.de\\\/wp-content\\\/uploads\\\/100-Jahre.jpg\",\"width\":640,\"height\":420},{\"@type\":\"BreadcrumbList\",\"@id\":\"https:\\\/\\\/www.vmv-mbh.de\\\/100-jahre-bahnstrecke-roevershagen-graal-mueritz\\\/#breadcrumb\",\"itemListElement\":[{\"@type\":\"ListItem\",\"position\":1,\"name\":\"Startseite\",\"item\":\"https:\\\/\\\/www.vmv-mbh.de\\\/\"},{\"@type\":\"ListItem\",\"position\":2,\"name\":\"100 Jahre Bahnstrecke R\u00f6vershagen \u2013 Graal-M\u00fcritz\"}]},{\"@type\":\"WebSite\",\"@id\":\"https:\\\/\\\/www.vmv-mbh.de\\\/#website\",\"url\":\"https:\\\/\\\/www.vmv-mbh.de\\\/\",\"name\":\"VMV-Verkehrsgesellschaft Mecklenburg-Vorpommern\",\"description\":\"VMV \u2013 Verkehrsgesellschaft M-V\",\"publisher\":{\"@id\":\"https:\\\/\\\/www.vmv-mbh.de\\\/#organization\"},\"potentialAction\":[{\"@type\":\"SearchAction\",\"target\":{\"@type\":\"EntryPoint\",\"urlTemplate\":\"https:\\\/\\\/www.vmv-mbh.de\\\/?s={search_term_string}\"},\"query-input\":{\"@type\":\"PropertyValueSpecification\",\"valueRequired\":true,\"valueName\":\"search_term_string\"}}],\"inLanguage\":\"en-GB\"},{\"@type\":\"Organization\",\"@id\":\"https:\\\/\\\/www.vmv-mbh.de\\\/#organization\",\"name\":\"VMV \u2013 Verkehrsgesellschaft Mecklenburg-Vorpommern mbH\",\"url\":\"https:\\\/\\\/www.vmv-mbh.de\\\/\",\"logo\":{\"@type\":\"ImageObject\",\"inLanguage\":\"en-GB\",\"@id\":\"https:\\\/\\\/www.vmv-mbh.de\\\/#\\\/schema\\\/logo\\\/image\\\/\",\"url\":\"https:\\\/\\\/www.vmv-mbh.de\\\/wp-content\\\/uploads\\\/brand-vmv-vmv-logo-quer-inv.png\",\"contentUrl\":\"https:\\\/\\\/www.vmv-mbh.de\\\/wp-content\\\/uploads\\\/brand-vmv-vmv-logo-quer-inv.png\",\"width\":384,\"height\":64,\"caption\":\"VMV \u2013 Verkehrsgesellschaft Mecklenburg-Vorpommern mbH\"},\"image\":{\"@id\":\"https:\\\/\\\/www.vmv-mbh.de\\\/#\\\/schema\\\/logo\\\/image\\\/\"}},{\"@type\":\"Person\",\"@id\":\"https:\\\/\\\/www.vmv-mbh.de\\\/#\\\/schema\\\/person\\\/6a0351a481204e9b223f3a62eebf686b\",\"name\":\"PS-2\",\"image\":{\"@type\":\"ImageObject\",\"inLanguage\":\"en-GB\",\"@id\":\"https:\\\/\\\/secure.gravatar.com\\\/avatar\\\/4030b641b3c1da7099f5e08231fbadb6b19b8eaa9e54909ff4f3523948e8daf3?s=96&d=mm&r=g\",\"url\":\"https:\\\/\\\/secure.gravatar.com\\\/avatar\\\/4030b641b3c1da7099f5e08231fbadb6b19b8eaa9e54909ff4f3523948e8daf3?s=96&d=mm&r=g\",\"contentUrl\":\"https:\\\/\\\/secure.gravatar.com\\\/avatar\\\/4030b641b3c1da7099f5e08231fbadb6b19b8eaa9e54909ff4f3523948e8daf3?s=96&d=mm&r=g\",\"caption\":\"PS-2\"},\"url\":\"http:\\\/\\\/www.vmv-mbh.de\\\/en\\\/author\\\/diana-raeth\\\/\"}]}<\/script>\n<!-- \/ Yoast SEO plugin. -->","yoast_head_json":{"title":"100 Jahre Bahnstrecke R\u00f6vershagen \u2013 Graal-M\u00fcritz - VMV-Verkehrsgesellschaft Mecklenburg-Vorpommern","description":"100 Jahre Bahnstrecke R\u00f6vershagen \u2013 Graal-M\u00fcritz","robots":{"index":"index","follow":"follow","max-snippet":"max-snippet:-1","max-image-preview":"max-image-preview:large","max-video-preview":"max-video-preview:-1"},"canonical":"https:\/\/www.vmv-mbh.de\/en\/100-jahre-bahnstrecke-roevershagen-graal-mueritz\/","og_locale":"en_GB","og_type":"article","og_title":"100 Jahre Bahnstrecke R\u00f6vershagen \u2013 Graal-M\u00fcritz - VMV-Verkehrsgesellschaft Mecklenburg-Vorpommern","og_description":"100 Jahre Bahnstrecke R\u00f6vershagen \u2013 Graal-M\u00fcritz","og_url":"https:\/\/www.vmv-mbh.de\/en\/100-jahre-bahnstrecke-roevershagen-graal-mueritz\/","og_site_name":"VMV-Verkehrsgesellschaft Mecklenburg-Vorpommern","article_published_time":"2025-06-27T13:27:48+00:00","article_modified_time":"2025-07-01T12:15:27+00:00","og_image":[{"width":640,"height":420,"url":"https:\/\/www.vmv-mbh.de\/wp-content\/uploads\/100-Jahre.jpg","type":"image\/jpeg"}],"author":"PS-2","twitter_card":"summary_large_image","twitter_misc":{"Written by":"PS-2","Estimated reading time":"2 minutes"},"schema":{"@context":"https:\/\/schema.org","@graph":[{"@type":"Article","@id":"https:\/\/www.vmv-mbh.de\/100-jahre-bahnstrecke-roevershagen-graal-mueritz\/#article","isPartOf":{"@id":"https:\/\/www.vmv-mbh.de\/100-jahre-bahnstrecke-roevershagen-graal-mueritz\/"},"author":{"name":"PS-2","@id":"https:\/\/www.vmv-mbh.de\/#\/schema\/person\/6a0351a481204e9b223f3a62eebf686b"},"headline":"100 Jahre Bahnstrecke R\u00f6vershagen \u2013 Graal-M\u00fcritz","datePublished":"2025-06-27T13:27:48+00:00","dateModified":"2025-07-01T12:15:27+00:00","mainEntityOfPage":{"@id":"https:\/\/www.vmv-mbh.de\/100-jahre-bahnstrecke-roevershagen-graal-mueritz\/"},"wordCount":208,"publisher":{"@id":"https:\/\/www.vmv-mbh.de\/#organization"},"image":{"@id":"https:\/\/www.vmv-mbh.de\/100-jahre-bahnstrecke-roevershagen-graal-mueritz\/#primaryimage"},"thumbnailUrl":"https:\/\/www.vmv-mbh.de\/wp-content\/uploads\/100-Jahre.jpg","keywords":["R\u00f6vershagen","Graal-M\u00fcritz","Bahnstrecke","DB Regio","VMV","Bahnhof","Mecklenburg-Vorpommern","Zug"],"articleSection":["Allgemein"],"inLanguage":"en-GB"},{"@type":"WebPage","@id":"https:\/\/www.vmv-mbh.de\/100-jahre-bahnstrecke-roevershagen-graal-mueritz\/","url":"https:\/\/www.vmv-mbh.de\/100-jahre-bahnstrecke-roevershagen-graal-mueritz\/","name":"100 Jahre Bahnstrecke R\u00f6vershagen \u2013 Graal-M\u00fcritz - VMV-Verkehrsgesellschaft Mecklenburg-Vorpommern","isPartOf":{"@id":"https:\/\/www.vmv-mbh.de\/#website"},"primaryImageOfPage":{"@id":"https:\/\/www.vmv-mbh.de\/100-jahre-bahnstrecke-roevershagen-graal-mueritz\/#primaryimage"},"image":{"@id":"https:\/\/www.vmv-mbh.de\/100-jahre-bahnstrecke-roevershagen-graal-mueritz\/#primaryimage"},"thumbnailUrl":"https:\/\/www.vmv-mbh.de\/wp-content\/uploads\/100-Jahre.jpg","datePublished":"2025-06-27T13:27:48+00:00","dateModified":"2025-07-01T12:15:27+00:00","description":"100 Jahre Bahnstrecke R\u00f6vershagen \u2013 Graal-M\u00fcritz","breadcrumb":{"@id":"https:\/\/www.vmv-mbh.de\/100-jahre-bahnstrecke-roevershagen-graal-mueritz\/#breadcrumb"},"inLanguage":"en-GB","potentialAction":[{"@type":"ReadAction","target":["https:\/\/www.vmv-mbh.de\/100-jahre-bahnstrecke-roevershagen-graal-mueritz\/"]}]},{"@type":"ImageObject","inLanguage":"en-GB","@id":"https:\/\/www.vmv-mbh.de\/100-jahre-bahnstrecke-roevershagen-graal-mueritz\/#primaryimage","url":"https:\/\/www.vmv-mbh.de\/wp-content\/uploads\/100-Jahre.jpg","contentUrl":"https:\/\/www.vmv-mbh.de\/wp-content\/uploads\/100-Jahre.jpg","width":640,"height":420},{"@type":"BreadcrumbList","@id":"https:\/\/www.vmv-mbh.de\/100-jahre-bahnstrecke-roevershagen-graal-mueritz\/#breadcrumb","itemListElement":[{"@type":"ListItem","position":1,"name":"Startseite","item":"https:\/\/www.vmv-mbh.de\/"},{"@type":"ListItem","position":2,"name":"100 Jahre Bahnstrecke R\u00f6vershagen \u2013 Graal-M\u00fcritz"}]},{"@type":"WebSite","@id":"https:\/\/www.vmv-mbh.de\/#website","url":"https:\/\/www.vmv-mbh.de\/","name":"VMV Transport Company Mecklenburg-Western Pomerania","description":"VMV - Verkehrsgesellschaft M-V","publisher":{"@id":"https:\/\/www.vmv-mbh.de\/#organization"},"potentialAction":[{"@type":"SearchAction","target":{"@type":"EntryPoint","urlTemplate":"https:\/\/www.vmv-mbh.de\/?s={search_term_string}"},"query-input":{"@type":"PropertyValueSpecification","valueRequired":true,"valueName":"search_term_string"}}],"inLanguage":"en-GB"},{"@type":"Organization","@id":"https:\/\/www.vmv-mbh.de\/#organization","name":"VMV - Verkehrsgesellschaft Mecklenburg-Vorpommern mbH","url":"https:\/\/www.vmv-mbh.de\/","logo":{"@type":"ImageObject","inLanguage":"en-GB","@id":"https:\/\/www.vmv-mbh.de\/#\/schema\/logo\/image\/","url":"https:\/\/www.vmv-mbh.de\/wp-content\/uploads\/brand-vmv-vmv-logo-quer-inv.png","contentUrl":"https:\/\/www.vmv-mbh.de\/wp-content\/uploads\/brand-vmv-vmv-logo-quer-inv.png","width":384,"height":64,"caption":"VMV \u2013 Verkehrsgesellschaft Mecklenburg-Vorpommern mbH"},"image":{"@id":"https:\/\/www.vmv-mbh.de\/#\/schema\/logo\/image\/"}},{"@type":"Person","@id":"https:\/\/www.vmv-mbh.de\/#\/schema\/person\/6a0351a481204e9b223f3a62eebf686b","name":"PS-2","image":{"@type":"ImageObject","inLanguage":"en-GB","@id":"https:\/\/secure.gravatar.com\/avatar\/4030b641b3c1da7099f5e08231fbadb6b19b8eaa9e54909ff4f3523948e8daf3?s=96&d=mm&r=g","url":"https:\/\/secure.gravatar.com\/avatar\/4030b641b3c1da7099f5e08231fbadb6b19b8eaa9e54909ff4f3523948e8daf3?s=96&d=mm&r=g","contentUrl":"https:\/\/secure.gravatar.com\/avatar\/4030b641b3c1da7099f5e08231fbadb6b19b8eaa9e54909ff4f3523948e8daf3?s=96&d=mm&r=g","caption":"PS-2"},"url":"http:\/\/www.vmv-mbh.de\/en\/author\/diana-raeth\/"}]}},"_links":{"self":[{"href":"http:\/\/www.vmv-mbh.de\/en\/wp-json\/wp\/v2\/posts\/3648","targetHints":{"allow":["GET"]}}],"collection":[{"href":"http:\/\/www.vmv-mbh.de\/en\/wp-json\/wp\/v2\/posts"}],"about":[{"href":"http:\/\/www.vmv-mbh.de\/en\/wp-json\/wp\/v2\/types\/post"}],"author":[{"embeddable":true,"href":"http:\/\/www.vmv-mbh.de\/en\/wp-json\/wp\/v2\/users\/6"}],"replies":[{"embeddable":true,"href":"http:\/\/www.vmv-mbh.de\/en\/wp-json\/wp\/v2\/comments?post=3648"}],"version-history":[{"count":0,"href":"http:\/\/www.vmv-mbh.de\/en\/wp-json\/wp\/v2\/posts\/3648\/revisions"}],"wp:featuredmedia":[{"embeddable":true,"href":"http:\/\/www.vmv-mbh.de\/en\/wp-json\/wp\/v2\/media\/3649"}],"wp:attachment":[{"href":"http:\/\/www.vmv-mbh.de\/en\/wp-json\/wp\/v2\/media?parent=3648"}],"wp:term":[{"taxonomy":"category","embeddable":true,"href":"http:\/\/www.vmv-mbh.de\/en\/wp-json\/wp\/v2\/categories?post=3648"},{"taxonomy":"post_tag","embeddable":true,"href":"http:\/\/www.vmv-mbh.de\/en\/wp-json\/wp\/v2\/tags?post=3648"}],"curies":[{"name":"wp","href":"https:\/\/api.w.org\/{rel}","templated":true}]}}