{"id":1086,"date":"2022-09-30T14:00:35","date_gmt":"2022-09-30T12:00:35","guid":{"rendered":"https:\/\/www.vmv-mbh.de\/?p=1086"},"modified":"2023-03-20T10:10:31","modified_gmt":"2023-03-20T09:10:31","slug":"vorstellung-vmv-landesdesign-fuer-mecklenburg-vorpommern","status":"publish","type":"post","link":"https:\/\/www.vmv-mbh.de\/en\/vorstellung-vmv-landesdesign-fuer-mecklenburg-vorpommern\/","title":{"rendered":"Trains in the country design"},"content":{"rendered":"<p><strong>Schwerin 30.09.2022<\/strong> Travelling by train is more popular than ever before. But how will we travel in the future and what demands will commuters, tourists, families and occasional travellers place on the interior and exterior of vehicles? To address these questions and strengthen local rail passenger transport in Mecklenburg-Vorpommern, the VMV, together with Landesmarketing M-V and the company Tricon Design, looked for and developed new ways of vehicle design. In a workshop with various interest groups, colours, shapes and design ideas typical of the state were collected and developed. These ideas and designs were collected in a design concept for the SPNV in M-V by the company Tricon Design.<\/p>\n<p>Today, the VMV-Verkehrsgesellschaft Mecklenburg-Vorpommern together with the state marketing and Tricon Design invited to the Intercity Hotel in Schwerin to present the work status of the future state design for the local trains in Mecklenburg-Vorpommern. Participants at the event included the state's transport companies, the transport policy spokespersons of the parliamentary groups, passenger associations and interest groups as well as representatives from the Ministry of Economics, Infrastructure, Tourism and Labour and neighbouring public transport authorities.<\/p>\n<p>&nbsp;<\/p>","protected":false},"excerpt":{"rendered":"<p>Schwerin 30.09.2022 Travelling by train is more popular than ever before. But how will we travel in the future and what demands will commuters, tourists, families and occasional travellers place on the interior and exterior of vehicles? To address these questions and strengthen local rail passenger transport in Mecklenburg-Vorpommern, the VMV, together with Landesmarketing M-V and...<\/p>","protected":false},"author":7,"featured_media":1085,"comment_status":"closed","ping_status":"open","sticky":false,"template":"","format":"standard","meta":{"_acf_changed":false,"footnotes":""},"categories":[1],"tags":[60,61,52,53],"class_list":["post-1086","post","type-post","status-publish","format-standard","has-post-thumbnail","hentry","category-allgemein","tag-design","tag-landeszug","tag-m-v","tag-mecklenburg-vorpommern"],"acf":[],"yoast_head":"<!-- This site is optimized with the Yoast SEO plugin v27.4 - https:\/\/yoast.com\/product\/yoast-seo-wordpress\/ -->\n<title>Z\u00fcge im Landesdesign - VMV-Verkehrsgesellschaft Mecklenburg-Vorpommern<\/title>\n<meta name=\"description\" content=\"Das zuk\u00fcnftige Landesdesign f\u00fcr die Nahverkehrsz\u00fcge in unserem Bundesland wurde vorgestellt.\" \/>\n<meta name=\"robots\" content=\"index, follow, max-snippet:-1, max-image-preview:large, max-video-preview:-1\" \/>\n<link rel=\"canonical\" href=\"https:\/\/www.vmv-mbh.de\/en\/vorstellung-vmv-landesdesign-fuer-mecklenburg-vorpommern\/\" \/>\n<meta property=\"og:locale\" content=\"en_GB\" \/>\n<meta property=\"og:type\" content=\"article\" \/>\n<meta property=\"og:title\" content=\"Z\u00fcge im Landesdesign - VMV-Verkehrsgesellschaft Mecklenburg-Vorpommern\" \/>\n<meta property=\"og:description\" content=\"Das zuk\u00fcnftige Landesdesign f\u00fcr die Nahverkehrsz\u00fcge in unserem Bundesland wurde vorgestellt.\" \/>\n<meta property=\"og:url\" content=\"https:\/\/www.vmv-mbh.de\/en\/vorstellung-vmv-landesdesign-fuer-mecklenburg-vorpommern\/\" \/>\n<meta property=\"og:site_name\" content=\"VMV-Verkehrsgesellschaft Mecklenburg-Vorpommern\" \/>\n<meta property=\"article:published_time\" content=\"2022-09-30T12:00:35+00:00\" \/>\n<meta property=\"article:modified_time\" content=\"2023-03-20T09:10:31+00:00\" \/>\n<meta property=\"og:image\" content=\"https:\/\/www.vmv-mbh.de\/wp-content\/uploads\/Landeszug.jpg\" \/>\n\t<meta property=\"og:image:width\" content=\"728\" \/>\n\t<meta property=\"og:image:height\" content=\"243\" \/>\n\t<meta property=\"og:image:type\" content=\"image\/jpeg\" \/>\n<meta name=\"author\" content=\"Katharina Henkel\" \/>\n<meta name=\"twitter:card\" content=\"summary_large_image\" \/>\n<meta name=\"twitter:label1\" content=\"Written by\" \/>\n\t<meta name=\"twitter:data1\" content=\"Katharina Henkel\" \/>\n\t<meta name=\"twitter:label2\" content=\"Estimated reading time\" \/>\n\t<meta name=\"twitter:data2\" content=\"1 minute\" \/>\n<script type=\"application\/ld+json\" class=\"yoast-schema-graph\">{\"@context\":\"https:\\\/\\\/schema.org\",\"@graph\":[{\"@type\":\"Article\",\"@id\":\"https:\\\/\\\/www.vmv-mbh.de\\\/vorstellung-vmv-landesdesign-fuer-mecklenburg-vorpommern\\\/#article\",\"isPartOf\":{\"@id\":\"https:\\\/\\\/www.vmv-mbh.de\\\/vorstellung-vmv-landesdesign-fuer-mecklenburg-vorpommern\\\/\"},\"author\":{\"name\":\"Katharina Henkel\",\"@id\":\"https:\\\/\\\/www.vmv-mbh.de\\\/#\\\/schema\\\/person\\\/2cfafd86deaee1c537177c43b9314933\"},\"headline\":\"Z\u00fcge im Landesdesign\",\"datePublished\":\"2022-09-30T12:00:35+00:00\",\"dateModified\":\"2023-03-20T09:10:31+00:00\",\"mainEntityOfPage\":{\"@id\":\"https:\\\/\\\/www.vmv-mbh.de\\\/vorstellung-vmv-landesdesign-fuer-mecklenburg-vorpommern\\\/\"},\"wordCount\":179,\"publisher\":{\"@id\":\"https:\\\/\\\/www.vmv-mbh.de\\\/#organization\"},\"image\":{\"@id\":\"https:\\\/\\\/www.vmv-mbh.de\\\/vorstellung-vmv-landesdesign-fuer-mecklenburg-vorpommern\\\/#primaryimage\"},\"thumbnailUrl\":\"https:\\\/\\\/www.vmv-mbh.de\\\/wp-content\\\/uploads\\\/Landeszug.jpg\",\"keywords\":[\"Design\",\"Landeszug\",\"M-V\",\"Mecklenburg-Vorpommern\"],\"articleSection\":[\"Allgemein\"],\"inLanguage\":\"en-GB\"},{\"@type\":\"WebPage\",\"@id\":\"https:\\\/\\\/www.vmv-mbh.de\\\/vorstellung-vmv-landesdesign-fuer-mecklenburg-vorpommern\\\/\",\"url\":\"https:\\\/\\\/www.vmv-mbh.de\\\/vorstellung-vmv-landesdesign-fuer-mecklenburg-vorpommern\\\/\",\"name\":\"Z\u00fcge im Landesdesign - VMV-Verkehrsgesellschaft Mecklenburg-Vorpommern\",\"isPartOf\":{\"@id\":\"https:\\\/\\\/www.vmv-mbh.de\\\/#website\"},\"primaryImageOfPage\":{\"@id\":\"https:\\\/\\\/www.vmv-mbh.de\\\/vorstellung-vmv-landesdesign-fuer-mecklenburg-vorpommern\\\/#primaryimage\"},\"image\":{\"@id\":\"https:\\\/\\\/www.vmv-mbh.de\\\/vorstellung-vmv-landesdesign-fuer-mecklenburg-vorpommern\\\/#primaryimage\"},\"thumbnailUrl\":\"https:\\\/\\\/www.vmv-mbh.de\\\/wp-content\\\/uploads\\\/Landeszug.jpg\",\"datePublished\":\"2022-09-30T12:00:35+00:00\",\"dateModified\":\"2023-03-20T09:10:31+00:00\",\"description\":\"Das zuk\u00fcnftige Landesdesign f\u00fcr die Nahverkehrsz\u00fcge in unserem Bundesland wurde vorgestellt.\",\"breadcrumb\":{\"@id\":\"https:\\\/\\\/www.vmv-mbh.de\\\/vorstellung-vmv-landesdesign-fuer-mecklenburg-vorpommern\\\/#breadcrumb\"},\"inLanguage\":\"en-GB\",\"potentialAction\":[{\"@type\":\"ReadAction\",\"target\":[\"https:\\\/\\\/www.vmv-mbh.de\\\/vorstellung-vmv-landesdesign-fuer-mecklenburg-vorpommern\\\/\"]}]},{\"@type\":\"ImageObject\",\"inLanguage\":\"en-GB\",\"@id\":\"https:\\\/\\\/www.vmv-mbh.de\\\/vorstellung-vmv-landesdesign-fuer-mecklenburg-vorpommern\\\/#primaryimage\",\"url\":\"https:\\\/\\\/www.vmv-mbh.de\\\/wp-content\\\/uploads\\\/Landeszug.jpg\",\"contentUrl\":\"https:\\\/\\\/www.vmv-mbh.de\\\/wp-content\\\/uploads\\\/Landeszug.jpg\",\"width\":728,\"height\":243},{\"@type\":\"BreadcrumbList\",\"@id\":\"https:\\\/\\\/www.vmv-mbh.de\\\/vorstellung-vmv-landesdesign-fuer-mecklenburg-vorpommern\\\/#breadcrumb\",\"itemListElement\":[{\"@type\":\"ListItem\",\"position\":1,\"name\":\"Startseite\",\"item\":\"https:\\\/\\\/www.vmv-mbh.de\\\/\"},{\"@type\":\"ListItem\",\"position\":2,\"name\":\"Z\u00fcge im Landesdesign\"}]},{\"@type\":\"WebSite\",\"@id\":\"https:\\\/\\\/www.vmv-mbh.de\\\/#website\",\"url\":\"https:\\\/\\\/www.vmv-mbh.de\\\/\",\"name\":\"VMV-Verkehrsgesellschaft Mecklenburg-Vorpommern\",\"description\":\"VMV \u2013 Verkehrsgesellschaft M-V\",\"publisher\":{\"@id\":\"https:\\\/\\\/www.vmv-mbh.de\\\/#organization\"},\"potentialAction\":[{\"@type\":\"SearchAction\",\"target\":{\"@type\":\"EntryPoint\",\"urlTemplate\":\"https:\\\/\\\/www.vmv-mbh.de\\\/?s={search_term_string}\"},\"query-input\":{\"@type\":\"PropertyValueSpecification\",\"valueRequired\":true,\"valueName\":\"search_term_string\"}}],\"inLanguage\":\"en-GB\"},{\"@type\":\"Organization\",\"@id\":\"https:\\\/\\\/www.vmv-mbh.de\\\/#organization\",\"name\":\"VMV \u2013 Verkehrsgesellschaft Mecklenburg-Vorpommern mbH\",\"url\":\"https:\\\/\\\/www.vmv-mbh.de\\\/\",\"logo\":{\"@type\":\"ImageObject\",\"inLanguage\":\"en-GB\",\"@id\":\"https:\\\/\\\/www.vmv-mbh.de\\\/#\\\/schema\\\/logo\\\/image\\\/\",\"url\":\"https:\\\/\\\/www.vmv-mbh.de\\\/wp-content\\\/uploads\\\/brand-vmv-vmv-logo-quer-inv.png\",\"contentUrl\":\"https:\\\/\\\/www.vmv-mbh.de\\\/wp-content\\\/uploads\\\/brand-vmv-vmv-logo-quer-inv.png\",\"width\":384,\"height\":64,\"caption\":\"VMV \u2013 Verkehrsgesellschaft Mecklenburg-Vorpommern mbH\"},\"image\":{\"@id\":\"https:\\\/\\\/www.vmv-mbh.de\\\/#\\\/schema\\\/logo\\\/image\\\/\"}},{\"@type\":\"Person\",\"@id\":\"https:\\\/\\\/www.vmv-mbh.de\\\/#\\\/schema\\\/person\\\/2cfafd86deaee1c537177c43b9314933\",\"name\":\"Katharina Henkel\",\"image\":{\"@type\":\"ImageObject\",\"inLanguage\":\"en-GB\",\"@id\":\"https:\\\/\\\/secure.gravatar.com\\\/avatar\\\/b93e9f247cea2317b341cba121c5ed6a4745d9d131daf85983e78af1dab7631d?s=96&d=mm&r=g\",\"url\":\"https:\\\/\\\/secure.gravatar.com\\\/avatar\\\/b93e9f247cea2317b341cba121c5ed6a4745d9d131daf85983e78af1dab7631d?s=96&d=mm&r=g\",\"contentUrl\":\"https:\\\/\\\/secure.gravatar.com\\\/avatar\\\/b93e9f247cea2317b341cba121c5ed6a4745d9d131daf85983e78af1dab7631d?s=96&d=mm&r=g\",\"caption\":\"Katharina Henkel\"},\"url\":\"https:\\\/\\\/www.vmv-mbh.de\\\/en\\\/author\\\/katharina-henkel\\\/\"}]}<\/script>\n<!-- \/ Yoast SEO plugin. -->","yoast_head_json":{"title":"Z\u00fcge im Landesdesign - VMV-Verkehrsgesellschaft Mecklenburg-Vorpommern","description":"Das zuk\u00fcnftige Landesdesign f\u00fcr die Nahverkehrsz\u00fcge in unserem Bundesland wurde vorgestellt.","robots":{"index":"index","follow":"follow","max-snippet":"max-snippet:-1","max-image-preview":"max-image-preview:large","max-video-preview":"max-video-preview:-1"},"canonical":"https:\/\/www.vmv-mbh.de\/en\/vorstellung-vmv-landesdesign-fuer-mecklenburg-vorpommern\/","og_locale":"en_GB","og_type":"article","og_title":"Z\u00fcge im Landesdesign - VMV-Verkehrsgesellschaft Mecklenburg-Vorpommern","og_description":"Das zuk\u00fcnftige Landesdesign f\u00fcr die Nahverkehrsz\u00fcge in unserem Bundesland wurde vorgestellt.","og_url":"https:\/\/www.vmv-mbh.de\/en\/vorstellung-vmv-landesdesign-fuer-mecklenburg-vorpommern\/","og_site_name":"VMV-Verkehrsgesellschaft Mecklenburg-Vorpommern","article_published_time":"2022-09-30T12:00:35+00:00","article_modified_time":"2023-03-20T09:10:31+00:00","og_image":[{"width":728,"height":243,"url":"https:\/\/www.vmv-mbh.de\/wp-content\/uploads\/Landeszug.jpg","type":"image\/jpeg"}],"author":"Katharina Henkel","twitter_card":"summary_large_image","twitter_misc":{"Written by":"Katharina Henkel","Estimated reading time":"1 minute"},"schema":{"@context":"https:\/\/schema.org","@graph":[{"@type":"Article","@id":"https:\/\/www.vmv-mbh.de\/vorstellung-vmv-landesdesign-fuer-mecklenburg-vorpommern\/#article","isPartOf":{"@id":"https:\/\/www.vmv-mbh.de\/vorstellung-vmv-landesdesign-fuer-mecklenburg-vorpommern\/"},"author":{"name":"Katharina Henkel","@id":"https:\/\/www.vmv-mbh.de\/#\/schema\/person\/2cfafd86deaee1c537177c43b9314933"},"headline":"Z\u00fcge im Landesdesign","datePublished":"2022-09-30T12:00:35+00:00","dateModified":"2023-03-20T09:10:31+00:00","mainEntityOfPage":{"@id":"https:\/\/www.vmv-mbh.de\/vorstellung-vmv-landesdesign-fuer-mecklenburg-vorpommern\/"},"wordCount":179,"publisher":{"@id":"https:\/\/www.vmv-mbh.de\/#organization"},"image":{"@id":"https:\/\/www.vmv-mbh.de\/vorstellung-vmv-landesdesign-fuer-mecklenburg-vorpommern\/#primaryimage"},"thumbnailUrl":"https:\/\/www.vmv-mbh.de\/wp-content\/uploads\/Landeszug.jpg","keywords":["Design","Landeszug","M-V","Mecklenburg-Vorpommern"],"articleSection":["Allgemein"],"inLanguage":"en-GB"},{"@type":"WebPage","@id":"https:\/\/www.vmv-mbh.de\/vorstellung-vmv-landesdesign-fuer-mecklenburg-vorpommern\/","url":"https:\/\/www.vmv-mbh.de\/vorstellung-vmv-landesdesign-fuer-mecklenburg-vorpommern\/","name":"Z\u00fcge im Landesdesign - VMV-Verkehrsgesellschaft Mecklenburg-Vorpommern","isPartOf":{"@id":"https:\/\/www.vmv-mbh.de\/#website"},"primaryImageOfPage":{"@id":"https:\/\/www.vmv-mbh.de\/vorstellung-vmv-landesdesign-fuer-mecklenburg-vorpommern\/#primaryimage"},"image":{"@id":"https:\/\/www.vmv-mbh.de\/vorstellung-vmv-landesdesign-fuer-mecklenburg-vorpommern\/#primaryimage"},"thumbnailUrl":"https:\/\/www.vmv-mbh.de\/wp-content\/uploads\/Landeszug.jpg","datePublished":"2022-09-30T12:00:35+00:00","dateModified":"2023-03-20T09:10:31+00:00","description":"Das zuk\u00fcnftige Landesdesign f\u00fcr die Nahverkehrsz\u00fcge in unserem Bundesland wurde vorgestellt.","breadcrumb":{"@id":"https:\/\/www.vmv-mbh.de\/vorstellung-vmv-landesdesign-fuer-mecklenburg-vorpommern\/#breadcrumb"},"inLanguage":"en-GB","potentialAction":[{"@type":"ReadAction","target":["https:\/\/www.vmv-mbh.de\/vorstellung-vmv-landesdesign-fuer-mecklenburg-vorpommern\/"]}]},{"@type":"ImageObject","inLanguage":"en-GB","@id":"https:\/\/www.vmv-mbh.de\/vorstellung-vmv-landesdesign-fuer-mecklenburg-vorpommern\/#primaryimage","url":"https:\/\/www.vmv-mbh.de\/wp-content\/uploads\/Landeszug.jpg","contentUrl":"https:\/\/www.vmv-mbh.de\/wp-content\/uploads\/Landeszug.jpg","width":728,"height":243},{"@type":"BreadcrumbList","@id":"https:\/\/www.vmv-mbh.de\/vorstellung-vmv-landesdesign-fuer-mecklenburg-vorpommern\/#breadcrumb","itemListElement":[{"@type":"ListItem","position":1,"name":"Startseite","item":"https:\/\/www.vmv-mbh.de\/"},{"@type":"ListItem","position":2,"name":"Z\u00fcge im Landesdesign"}]},{"@type":"WebSite","@id":"https:\/\/www.vmv-mbh.de\/#website","url":"https:\/\/www.vmv-mbh.de\/","name":"VMV Transport Company Mecklenburg-Western Pomerania","description":"VMV - Verkehrsgesellschaft M-V","publisher":{"@id":"https:\/\/www.vmv-mbh.de\/#organization"},"potentialAction":[{"@type":"SearchAction","target":{"@type":"EntryPoint","urlTemplate":"https:\/\/www.vmv-mbh.de\/?s={search_term_string}"},"query-input":{"@type":"PropertyValueSpecification","valueRequired":true,"valueName":"search_term_string"}}],"inLanguage":"en-GB"},{"@type":"Organization","@id":"https:\/\/www.vmv-mbh.de\/#organization","name":"VMV - Verkehrsgesellschaft Mecklenburg-Vorpommern mbH","url":"https:\/\/www.vmv-mbh.de\/","logo":{"@type":"ImageObject","inLanguage":"en-GB","@id":"https:\/\/www.vmv-mbh.de\/#\/schema\/logo\/image\/","url":"https:\/\/www.vmv-mbh.de\/wp-content\/uploads\/brand-vmv-vmv-logo-quer-inv.png","contentUrl":"https:\/\/www.vmv-mbh.de\/wp-content\/uploads\/brand-vmv-vmv-logo-quer-inv.png","width":384,"height":64,"caption":"VMV \u2013 Verkehrsgesellschaft Mecklenburg-Vorpommern mbH"},"image":{"@id":"https:\/\/www.vmv-mbh.de\/#\/schema\/logo\/image\/"}},{"@type":"Person","@id":"https:\/\/www.vmv-mbh.de\/#\/schema\/person\/2cfafd86deaee1c537177c43b9314933","name":"Katharina Henkel","image":{"@type":"ImageObject","inLanguage":"en-GB","@id":"https:\/\/secure.gravatar.com\/avatar\/b93e9f247cea2317b341cba121c5ed6a4745d9d131daf85983e78af1dab7631d?s=96&d=mm&r=g","url":"https:\/\/secure.gravatar.com\/avatar\/b93e9f247cea2317b341cba121c5ed6a4745d9d131daf85983e78af1dab7631d?s=96&d=mm&r=g","contentUrl":"https:\/\/secure.gravatar.com\/avatar\/b93e9f247cea2317b341cba121c5ed6a4745d9d131daf85983e78af1dab7631d?s=96&d=mm&r=g","caption":"Katharina Henkel"},"url":"https:\/\/www.vmv-mbh.de\/en\/author\/katharina-henkel\/"}]}},"_links":{"self":[{"href":"https:\/\/www.vmv-mbh.de\/en\/wp-json\/wp\/v2\/posts\/1086","targetHints":{"allow":["GET"]}}],"collection":[{"href":"https:\/\/www.vmv-mbh.de\/en\/wp-json\/wp\/v2\/posts"}],"about":[{"href":"https:\/\/www.vmv-mbh.de\/en\/wp-json\/wp\/v2\/types\/post"}],"author":[{"embeddable":true,"href":"https:\/\/www.vmv-mbh.de\/en\/wp-json\/wp\/v2\/users\/7"}],"replies":[{"embeddable":true,"href":"https:\/\/www.vmv-mbh.de\/en\/wp-json\/wp\/v2\/comments?post=1086"}],"version-history":[{"count":0,"href":"https:\/\/www.vmv-mbh.de\/en\/wp-json\/wp\/v2\/posts\/1086\/revisions"}],"wp:featuredmedia":[{"embeddable":true,"href":"https:\/\/www.vmv-mbh.de\/en\/wp-json\/wp\/v2\/media\/1085"}],"wp:attachment":[{"href":"https:\/\/www.vmv-mbh.de\/en\/wp-json\/wp\/v2\/media?parent=1086"}],"wp:term":[{"taxonomy":"category","embeddable":true,"href":"https:\/\/www.vmv-mbh.de\/en\/wp-json\/wp\/v2\/categories?post=1086"},{"taxonomy":"post_tag","embeddable":true,"href":"https:\/\/www.vmv-mbh.de\/en\/wp-json\/wp\/v2\/tags?post=1086"}],"curies":[{"name":"wp","href":"https:\/\/api.w.org\/{rel}","templated":true}]}}