{"id":2611,"date":"2023-06-27T16:21:58","date_gmt":"2023-06-27T14:21:58","guid":{"rendered":"https:\/\/www.vmv-mbh.de\/?p=2611"},"modified":"2023-06-27T16:39:48","modified_gmt":"2023-06-27T14:39:48","slug":"startschuss-fuer-das-deutschland-ticket-fuer-seniorinnen-und-senioren-aus-mv","status":"publish","type":"post","link":"https:\/\/www.vmv-mbh.de\/en\/startschuss-fuer-das-deutschland-ticket-fuer-seniorinnen-und-senioren-aus-mv\/","title":{"rendered":"Starting signal for the Deutschland-Ticket for senior citizens from MV"},"content":{"rendered":"<div data-elementor-type=\"wp-post\" data-elementor-id=\"2611\" class=\"elementor elementor-2611\" data-elementor-post-type=\"post\">\n\t\t\t\t\t\t<section class=\"elementor-section elementor-top-section elementor-element elementor-element-8061ad9 elementor-section-boxed elementor-section-height-default elementor-section-height-default\" data-id=\"8061ad9\" data-element_type=\"section\" data-e-type=\"section\">\n\t\t\t\t\t\t<div class=\"elementor-container elementor-column-gap-default\">\n\t\t\t\t\t<div class=\"elementor-column elementor-col-100 elementor-top-column elementor-element elementor-element-d109f3c\" data-id=\"d109f3c\" data-element_type=\"column\" data-e-type=\"column\">\n\t\t\t<div class=\"elementor-widget-wrap elementor-element-populated\">\n\t\t\t\t\t\t<div class=\"elementor-element elementor-element-16736a9 elementor-widget elementor-widget-text-editor\" data-id=\"16736a9\" data-element_type=\"widget\" data-e-type=\"widget\" data-widget_type=\"text-editor.default\">\n\t\t\t\t<div class=\"elementor-widget-container\">\n\t\t\t\t\t\t\t\t\t<p><strong><span style=\"font-size: 1.15rem; background-color: var(--bs-body-bg);\">Press release of the state government<\/span><\/strong><\/p><p><span style=\"font-size: 1.15rem; background-color: var(--bs-body-bg); font-weight: var(--bs-body-font-weight);\"><strong>Schwerin, 27.06.2023<\/strong>Today, the Minister of Economics and Transport, Reinhard Meyer, presented the details of the introduction of the subsidised Deutschlandticket for senior citizens to the cabinet. MV is the first state to introduce this ticket nationwide.<\/span><\/p><p>\"With the Deutschland-Ticket for senior citizens, we are keeping our promise to offer a discounted ticket for older people in the state. Moreover, the new ticket is not only valid in Mecklenburg-Vorpommern, but nationwide. With this, the state government is doing more than it announced,\" emphasises Minister President Manuela Schwesig.<\/p><p>With the ticket supported by the state, senior citizens from Mecklenburg-Western Pomerania over 65 can use public transport nationwide and thus travel in a mobile and climate-friendly way. Schwesig: \"I am pleased that we are even the first in Germany to make seniors such a concrete offer based on the Deutschland-Ticket. The ticket is an opportunity to use public transport more flexibly and at lower cost. It is an important contribution to more mobility in old age. With the introduction of this senior citizens' ticket, the state government is implementing another key project of the coalition agreement.\"<\/p><p class=\"MsoNormal\" style=\"text-align: justify; mso-outline-level: 1;\">\"From 27 June, senior citizens from Mecklenburg-Vorpommern can apply for the discounted Deutschland-Ticket in advance. The fare offer will be valid from 1 August 2023 and will be introduced on the initiative of the state in the form of a subscription; it can be used throughout Germany on all means of local public transport,\" says Economics and Transport Minister Reinhard Meyer. The Abo ticket is available at a price of 29 euros for all eligible persons. Eligible are senior citizens who have their main residence in Mecklenburg-Vorpommern and are 65 years or older. The difference to the regular price of 49 euros - 20 euros - is covered by the state of Mecklenburg-Western Pomerania.<\/p><p class=\"MsoNormal\" style=\"text-align: justify; mso-outline-level: 1;\">Minister-President Manuela Schwesig and Transport Minister Reinhard Meyer, together with the managing directors of VMV (Verkehrsgesellschaft Mecklenburg-Vorpommern) Daniel Bischof, VVW (Verkehrsverbund Warnow) Stefan Wiedmer and NVS (Nahverkehr Schwerin) Lothar Matzkeit, are holding a press conference in Schwerin today to mark the introduction of the discounted Deutschlandticket for senior citizens from MV.<\/p><p class=\"MsoNormal\" style=\"text-align: justify; mso-outline-level: 1;\">\"The federal states and the federal government have agreed on a digital and nationwide ticket for local public transport. The state is relieving the burden on our senior citizens and thus ensuring more freedom of movement - cheaply and in line with the climate,\" explains Daniel Bischof, Managing Director of VMV-Verkehrsgesellschaft.<\/p><p class=\"MsoNormal\" style=\"text-align: justify; mso-outline-level: 1;\">\"The D-Ticket for senior citizens in MV is both innovative and attractive. The Verkehrsverbund Warnow (VVW) is pleased to organise the distribution of the ticket in cooperation with the Rostocker Stra\u00dfenbahn AG (RSAG) and the transport companies in the state,\" adds Stefan Wiedmer, Managing Director of the Verkehrsverbund Warnow.<\/p><p class=\"MsoNormal\" style=\"text-align: justify; mso-outline-level: 1;\">\"The Deutschlandticket has already been very well received and the introduction of the Seniorenticket for an unbeatable 29 euros certainly makes the entry into the digitalisation of public transport interesting for the 65+ age group. The state of MV has decided that the ticket will be distributed centrally by the Verkehrsverbund Warnow (VVW). We will work closely with the Verkehrsverbund Warnow and support this distribution. Our customers can apply for the senior citizens' ticket at our customer centre on Marienplatz and, of course, get advice on it,\" said Lothar Matzkeit, Managing Director of Nahverkehr Schwerin.<\/p><p class=\"MsoNormal\" style=\"text-align: justify; mso-outline-level: 1;\"><b>Apply for a subscription ticket as of 27 June<\/b><\/p><p class=\"MsoNormal\" style=\"text-align: justify; mso-outline-level: 1;\">The Deutschland-Ticket for senior citizens from Mecklenburg-Vorpommern can be purchased from 27 June 2023 at the <a href=\"https:\/\/abo.rsag-online.de\/prod\/kunden\/#patris\/abo\/privat\/new-vertrag\/view\">Warnow Transport Association (VVW)<\/a> be applied for. Eligible existing VVW customers who have a D-Ticket subscription will automatically be switched to the Deutschland-Ticket for senior citizens from Mecklenburg-Vorpommern for 29 euros per month. Verkehrsverbund Warnow will inform customers in its area accordingly and accompany the changeover process.<\/p><p class=\"MsoNormal\" style=\"text-align: justify; mso-outline-level: 1;\"><i>New customers<\/i> can purchase the subsidised Deutschland-Ticket from 27 June 2023 via the website <a href=\"http:\/\/www.seniorenticket-mv.de\/\">www.seniorenticket-mv.de<\/a> or directly via the <a href=\"https:\/\/abo.rsag-online.de\/prod\/kunden\/#patris\/abo\/privat\/new-vertrag\/view\">Online order form at the VVW<\/a> as a digital mobile phone ticket or as a chip card.<\/p><p class=\"MsoNormal\" style=\"text-align: justify; mso-outline-level: 1;\">Most transport companies in MV participate in the distribution of the <span class=\"MsoHyperlink\">Germany tickets for senior citizens from MV<\/span>. All selling transport companies can be found here: <a href=\"file:\/\/\/C:\/Users\/henkel\/AppData\/Local\/Microsoft\/Windows\/INetCache\/Content.Outlook\/DO5PL8NQ\/www.seniorenticket-mv.de\">www.seniorenticket-mv.de<\/a>.<\/p>\t\t\t\t\t\t\t\t<\/div>\n\t\t\t\t<\/div>\n\t\t\t\t\t<\/div>\n\t\t<\/div>\n\t\t\t\t\t<\/div>\n\t\t<\/section>\n\t\t\t\t<\/div>","protected":false},"excerpt":{"rendered":"<p>Press release by the State Government Schwerin, 27.06.2023, Economics and Transport Minister Reinhard Meyer today presented the details of the introduction of the subsidised Deutschlandticket for senior citizens to the Cabinet. MV is the first state to introduce this ticket nationwide. \"With the Deutschland-Ticket for senior citizens, we are keeping our promise to offer a subsidised ticket for older people in...<\/p>","protected":false},"author":6,"featured_media":2612,"comment_status":"closed","ping_status":"open","sticky":false,"template":"","format":"standard","meta":{"_acf_changed":false,"footnotes":""},"categories":[1],"tags":[131,85,53],"class_list":["post-2611","post","type-post","status-publish","format-standard","has-post-thumbnail","hentry","category-allgemein","tag-senioren","tag-deutschlandticket","tag-mecklenburg-vorpommern"],"acf":[],"yoast_head":"<!-- This site is optimized with the Yoast SEO plugin v27.4 - https:\/\/yoast.com\/product\/yoast-seo-wordpress\/ -->\n<title>Startschuss f\u00fcr das Deutschland-Ticket f\u00fcr Seniorinnen und Senioren aus MV - VMV-Verkehrsgesellschaft Mecklenburg-Vorpommern<\/title>\n<meta name=\"description\" content=\"Wirtschafts- und Verkehrsminister Reinhard Meyer hat dem Kabinett heute die Details zur Einf\u00fchrung des subventionierten Deutschlandtickets f\u00fcr Seniorinnen und Senioren vorgestellt. MV f\u00fchrt dieses Ticket bundesweit als erstes Land ein.\" \/>\n<meta name=\"robots\" content=\"index, follow, max-snippet:-1, max-image-preview:large, max-video-preview:-1\" \/>\n<link rel=\"canonical\" href=\"https:\/\/www.vmv-mbh.de\/en\/startschuss-fuer-das-deutschland-ticket-fuer-seniorinnen-und-senioren-aus-mv\/\" \/>\n<meta property=\"og:locale\" content=\"en_GB\" \/>\n<meta property=\"og:type\" content=\"article\" \/>\n<meta property=\"og:title\" content=\"Startschuss f\u00fcr das Deutschland-Ticket f\u00fcr Seniorinnen und Senioren aus MV - VMV-Verkehrsgesellschaft Mecklenburg-Vorpommern\" \/>\n<meta property=\"og:description\" content=\"Wirtschafts- und Verkehrsminister Reinhard Meyer hat dem Kabinett heute die Details zur Einf\u00fchrung des subventionierten Deutschlandtickets f\u00fcr Seniorinnen und Senioren vorgestellt. MV f\u00fchrt dieses Ticket bundesweit als erstes Land ein.\" \/>\n<meta property=\"og:url\" content=\"https:\/\/www.vmv-mbh.de\/en\/startschuss-fuer-das-deutschland-ticket-fuer-seniorinnen-und-senioren-aus-mv\/\" \/>\n<meta property=\"og:site_name\" content=\"VMV-Verkehrsgesellschaft Mecklenburg-Vorpommern\" \/>\n<meta property=\"article:published_time\" content=\"2023-06-27T14:21:58+00:00\" \/>\n<meta property=\"article:modified_time\" content=\"2023-06-27T14:39:48+00:00\" \/>\n<meta property=\"og:image\" content=\"https:\/\/www.vmv-mbh.de\/wp-content\/uploads\/DSC00129-scaled.jpg\" \/>\n\t<meta property=\"og:image:width\" content=\"2560\" \/>\n\t<meta property=\"og:image:height\" content=\"1707\" \/>\n\t<meta property=\"og:image:type\" content=\"image\/jpeg\" \/>\n<meta name=\"author\" content=\"PS-2\" \/>\n<meta name=\"twitter:card\" content=\"summary_large_image\" \/>\n<meta name=\"twitter:label1\" content=\"Written by\" \/>\n\t<meta name=\"twitter:data1\" content=\"PS-2\" \/>\n\t<meta name=\"twitter:label2\" content=\"Estimated reading time\" \/>\n\t<meta name=\"twitter:data2\" content=\"4 minutes\" \/>\n<script type=\"application\/ld+json\" class=\"yoast-schema-graph\">{\"@context\":\"https:\\\/\\\/schema.org\",\"@graph\":[{\"@type\":\"Article\",\"@id\":\"https:\\\/\\\/www.vmv-mbh.de\\\/startschuss-fuer-das-deutschland-ticket-fuer-seniorinnen-und-senioren-aus-mv\\\/#article\",\"isPartOf\":{\"@id\":\"https:\\\/\\\/www.vmv-mbh.de\\\/startschuss-fuer-das-deutschland-ticket-fuer-seniorinnen-und-senioren-aus-mv\\\/\"},\"author\":{\"name\":\"PS-2\",\"@id\":\"https:\\\/\\\/www.vmv-mbh.de\\\/#\\\/schema\\\/person\\\/6a0351a481204e9b223f3a62eebf686b\"},\"headline\":\"Startschuss f\u00fcr das Deutschland-Ticket f\u00fcr Seniorinnen und Senioren aus MV\",\"datePublished\":\"2023-06-27T14:21:58+00:00\",\"dateModified\":\"2023-06-27T14:39:48+00:00\",\"mainEntityOfPage\":{\"@id\":\"https:\\\/\\\/www.vmv-mbh.de\\\/startschuss-fuer-das-deutschland-ticket-fuer-seniorinnen-und-senioren-aus-mv\\\/\"},\"wordCount\":641,\"publisher\":{\"@id\":\"https:\\\/\\\/www.vmv-mbh.de\\\/#organization\"},\"image\":{\"@id\":\"https:\\\/\\\/www.vmv-mbh.de\\\/startschuss-fuer-das-deutschland-ticket-fuer-seniorinnen-und-senioren-aus-mv\\\/#primaryimage\"},\"thumbnailUrl\":\"https:\\\/\\\/www.vmv-mbh.de\\\/wp-content\\\/uploads\\\/DSC00129-scaled.jpg\",\"keywords\":[\"Senioren\",\"Deutschlandticket\",\"Mecklenburg-Vorpommern\"],\"articleSection\":[\"Allgemein\"],\"inLanguage\":\"en-GB\"},{\"@type\":\"WebPage\",\"@id\":\"https:\\\/\\\/www.vmv-mbh.de\\\/startschuss-fuer-das-deutschland-ticket-fuer-seniorinnen-und-senioren-aus-mv\\\/\",\"url\":\"https:\\\/\\\/www.vmv-mbh.de\\\/startschuss-fuer-das-deutschland-ticket-fuer-seniorinnen-und-senioren-aus-mv\\\/\",\"name\":\"Startschuss f\u00fcr das Deutschland-Ticket f\u00fcr Seniorinnen und Senioren aus MV - VMV-Verkehrsgesellschaft Mecklenburg-Vorpommern\",\"isPartOf\":{\"@id\":\"https:\\\/\\\/www.vmv-mbh.de\\\/#website\"},\"primaryImageOfPage\":{\"@id\":\"https:\\\/\\\/www.vmv-mbh.de\\\/startschuss-fuer-das-deutschland-ticket-fuer-seniorinnen-und-senioren-aus-mv\\\/#primaryimage\"},\"image\":{\"@id\":\"https:\\\/\\\/www.vmv-mbh.de\\\/startschuss-fuer-das-deutschland-ticket-fuer-seniorinnen-und-senioren-aus-mv\\\/#primaryimage\"},\"thumbnailUrl\":\"https:\\\/\\\/www.vmv-mbh.de\\\/wp-content\\\/uploads\\\/DSC00129-scaled.jpg\",\"datePublished\":\"2023-06-27T14:21:58+00:00\",\"dateModified\":\"2023-06-27T14:39:48+00:00\",\"description\":\"Wirtschafts- und Verkehrsminister Reinhard Meyer hat dem Kabinett heute die Details zur Einf\u00fchrung des subventionierten Deutschlandtickets f\u00fcr Seniorinnen und Senioren vorgestellt. MV f\u00fchrt dieses Ticket bundesweit als erstes Land ein.\",\"breadcrumb\":{\"@id\":\"https:\\\/\\\/www.vmv-mbh.de\\\/startschuss-fuer-das-deutschland-ticket-fuer-seniorinnen-und-senioren-aus-mv\\\/#breadcrumb\"},\"inLanguage\":\"en-GB\",\"potentialAction\":[{\"@type\":\"ReadAction\",\"target\":[\"https:\\\/\\\/www.vmv-mbh.de\\\/startschuss-fuer-das-deutschland-ticket-fuer-seniorinnen-und-senioren-aus-mv\\\/\"]}]},{\"@type\":\"ImageObject\",\"inLanguage\":\"en-GB\",\"@id\":\"https:\\\/\\\/www.vmv-mbh.de\\\/startschuss-fuer-das-deutschland-ticket-fuer-seniorinnen-und-senioren-aus-mv\\\/#primaryimage\",\"url\":\"https:\\\/\\\/www.vmv-mbh.de\\\/wp-content\\\/uploads\\\/DSC00129-scaled.jpg\",\"contentUrl\":\"https:\\\/\\\/www.vmv-mbh.de\\\/wp-content\\\/uploads\\\/DSC00129-scaled.jpg\",\"width\":2560,\"height\":1707},{\"@type\":\"BreadcrumbList\",\"@id\":\"https:\\\/\\\/www.vmv-mbh.de\\\/startschuss-fuer-das-deutschland-ticket-fuer-seniorinnen-und-senioren-aus-mv\\\/#breadcrumb\",\"itemListElement\":[{\"@type\":\"ListItem\",\"position\":1,\"name\":\"Startseite\",\"item\":\"https:\\\/\\\/www.vmv-mbh.de\\\/\"},{\"@type\":\"ListItem\",\"position\":2,\"name\":\"Startschuss f\u00fcr das Deutschland-Ticket f\u00fcr Seniorinnen und Senioren aus MV\"}]},{\"@type\":\"WebSite\",\"@id\":\"https:\\\/\\\/www.vmv-mbh.de\\\/#website\",\"url\":\"https:\\\/\\\/www.vmv-mbh.de\\\/\",\"name\":\"VMV-Verkehrsgesellschaft Mecklenburg-Vorpommern\",\"description\":\"VMV \u2013 Verkehrsgesellschaft M-V\",\"publisher\":{\"@id\":\"https:\\\/\\\/www.vmv-mbh.de\\\/#organization\"},\"potentialAction\":[{\"@type\":\"SearchAction\",\"target\":{\"@type\":\"EntryPoint\",\"urlTemplate\":\"https:\\\/\\\/www.vmv-mbh.de\\\/?s={search_term_string}\"},\"query-input\":{\"@type\":\"PropertyValueSpecification\",\"valueRequired\":true,\"valueName\":\"search_term_string\"}}],\"inLanguage\":\"en-GB\"},{\"@type\":\"Organization\",\"@id\":\"https:\\\/\\\/www.vmv-mbh.de\\\/#organization\",\"name\":\"VMV \u2013 Verkehrsgesellschaft Mecklenburg-Vorpommern mbH\",\"url\":\"https:\\\/\\\/www.vmv-mbh.de\\\/\",\"logo\":{\"@type\":\"ImageObject\",\"inLanguage\":\"en-GB\",\"@id\":\"https:\\\/\\\/www.vmv-mbh.de\\\/#\\\/schema\\\/logo\\\/image\\\/\",\"url\":\"https:\\\/\\\/www.vmv-mbh.de\\\/wp-content\\\/uploads\\\/brand-vmv-vmv-logo-quer-inv.png\",\"contentUrl\":\"https:\\\/\\\/www.vmv-mbh.de\\\/wp-content\\\/uploads\\\/brand-vmv-vmv-logo-quer-inv.png\",\"width\":384,\"height\":64,\"caption\":\"VMV \u2013 Verkehrsgesellschaft Mecklenburg-Vorpommern mbH\"},\"image\":{\"@id\":\"https:\\\/\\\/www.vmv-mbh.de\\\/#\\\/schema\\\/logo\\\/image\\\/\"}},{\"@type\":\"Person\",\"@id\":\"https:\\\/\\\/www.vmv-mbh.de\\\/#\\\/schema\\\/person\\\/6a0351a481204e9b223f3a62eebf686b\",\"name\":\"PS-2\",\"image\":{\"@type\":\"ImageObject\",\"inLanguage\":\"en-GB\",\"@id\":\"https:\\\/\\\/secure.gravatar.com\\\/avatar\\\/4030b641b3c1da7099f5e08231fbadb6b19b8eaa9e54909ff4f3523948e8daf3?s=96&d=mm&r=g\",\"url\":\"https:\\\/\\\/secure.gravatar.com\\\/avatar\\\/4030b641b3c1da7099f5e08231fbadb6b19b8eaa9e54909ff4f3523948e8daf3?s=96&d=mm&r=g\",\"contentUrl\":\"https:\\\/\\\/secure.gravatar.com\\\/avatar\\\/4030b641b3c1da7099f5e08231fbadb6b19b8eaa9e54909ff4f3523948e8daf3?s=96&d=mm&r=g\",\"caption\":\"PS-2\"},\"url\":\"https:\\\/\\\/www.vmv-mbh.de\\\/en\\\/author\\\/diana-raeth\\\/\"}]}<\/script>\n<!-- \/ Yoast SEO plugin. -->","yoast_head_json":{"title":"Startschuss f\u00fcr das Deutschland-Ticket f\u00fcr Seniorinnen und Senioren aus MV - VMV-Verkehrsgesellschaft Mecklenburg-Vorpommern","description":"Wirtschafts- und Verkehrsminister Reinhard Meyer hat dem Kabinett heute die Details zur Einf\u00fchrung des subventionierten Deutschlandtickets f\u00fcr Seniorinnen und Senioren vorgestellt. MV f\u00fchrt dieses Ticket bundesweit als erstes Land ein.","robots":{"index":"index","follow":"follow","max-snippet":"max-snippet:-1","max-image-preview":"max-image-preview:large","max-video-preview":"max-video-preview:-1"},"canonical":"https:\/\/www.vmv-mbh.de\/en\/startschuss-fuer-das-deutschland-ticket-fuer-seniorinnen-und-senioren-aus-mv\/","og_locale":"en_GB","og_type":"article","og_title":"Startschuss f\u00fcr das Deutschland-Ticket f\u00fcr Seniorinnen und Senioren aus MV - VMV-Verkehrsgesellschaft Mecklenburg-Vorpommern","og_description":"Wirtschafts- und Verkehrsminister Reinhard Meyer hat dem Kabinett heute die Details zur Einf\u00fchrung des subventionierten Deutschlandtickets f\u00fcr Seniorinnen und Senioren vorgestellt. MV f\u00fchrt dieses Ticket bundesweit als erstes Land ein.","og_url":"https:\/\/www.vmv-mbh.de\/en\/startschuss-fuer-das-deutschland-ticket-fuer-seniorinnen-und-senioren-aus-mv\/","og_site_name":"VMV-Verkehrsgesellschaft Mecklenburg-Vorpommern","article_published_time":"2023-06-27T14:21:58+00:00","article_modified_time":"2023-06-27T14:39:48+00:00","og_image":[{"width":2560,"height":1707,"url":"https:\/\/www.vmv-mbh.de\/wp-content\/uploads\/DSC00129-scaled.jpg","type":"image\/jpeg"}],"author":"PS-2","twitter_card":"summary_large_image","twitter_misc":{"Written by":"PS-2","Estimated reading time":"4 minutes"},"schema":{"@context":"https:\/\/schema.org","@graph":[{"@type":"Article","@id":"https:\/\/www.vmv-mbh.de\/startschuss-fuer-das-deutschland-ticket-fuer-seniorinnen-und-senioren-aus-mv\/#article","isPartOf":{"@id":"https:\/\/www.vmv-mbh.de\/startschuss-fuer-das-deutschland-ticket-fuer-seniorinnen-und-senioren-aus-mv\/"},"author":{"name":"PS-2","@id":"https:\/\/www.vmv-mbh.de\/#\/schema\/person\/6a0351a481204e9b223f3a62eebf686b"},"headline":"Startschuss f\u00fcr das Deutschland-Ticket f\u00fcr Seniorinnen und Senioren aus MV","datePublished":"2023-06-27T14:21:58+00:00","dateModified":"2023-06-27T14:39:48+00:00","mainEntityOfPage":{"@id":"https:\/\/www.vmv-mbh.de\/startschuss-fuer-das-deutschland-ticket-fuer-seniorinnen-und-senioren-aus-mv\/"},"wordCount":641,"publisher":{"@id":"https:\/\/www.vmv-mbh.de\/#organization"},"image":{"@id":"https:\/\/www.vmv-mbh.de\/startschuss-fuer-das-deutschland-ticket-fuer-seniorinnen-und-senioren-aus-mv\/#primaryimage"},"thumbnailUrl":"https:\/\/www.vmv-mbh.de\/wp-content\/uploads\/DSC00129-scaled.jpg","keywords":["Senioren","Deutschlandticket","Mecklenburg-Vorpommern"],"articleSection":["Allgemein"],"inLanguage":"en-GB"},{"@type":"WebPage","@id":"https:\/\/www.vmv-mbh.de\/startschuss-fuer-das-deutschland-ticket-fuer-seniorinnen-und-senioren-aus-mv\/","url":"https:\/\/www.vmv-mbh.de\/startschuss-fuer-das-deutschland-ticket-fuer-seniorinnen-und-senioren-aus-mv\/","name":"Startschuss f\u00fcr das Deutschland-Ticket f\u00fcr Seniorinnen und Senioren aus MV - VMV-Verkehrsgesellschaft Mecklenburg-Vorpommern","isPartOf":{"@id":"https:\/\/www.vmv-mbh.de\/#website"},"primaryImageOfPage":{"@id":"https:\/\/www.vmv-mbh.de\/startschuss-fuer-das-deutschland-ticket-fuer-seniorinnen-und-senioren-aus-mv\/#primaryimage"},"image":{"@id":"https:\/\/www.vmv-mbh.de\/startschuss-fuer-das-deutschland-ticket-fuer-seniorinnen-und-senioren-aus-mv\/#primaryimage"},"thumbnailUrl":"https:\/\/www.vmv-mbh.de\/wp-content\/uploads\/DSC00129-scaled.jpg","datePublished":"2023-06-27T14:21:58+00:00","dateModified":"2023-06-27T14:39:48+00:00","description":"Wirtschafts- und Verkehrsminister Reinhard Meyer hat dem Kabinett heute die Details zur Einf\u00fchrung des subventionierten Deutschlandtickets f\u00fcr Seniorinnen und Senioren vorgestellt. MV f\u00fchrt dieses Ticket bundesweit als erstes Land ein.","breadcrumb":{"@id":"https:\/\/www.vmv-mbh.de\/startschuss-fuer-das-deutschland-ticket-fuer-seniorinnen-und-senioren-aus-mv\/#breadcrumb"},"inLanguage":"en-GB","potentialAction":[{"@type":"ReadAction","target":["https:\/\/www.vmv-mbh.de\/startschuss-fuer-das-deutschland-ticket-fuer-seniorinnen-und-senioren-aus-mv\/"]}]},{"@type":"ImageObject","inLanguage":"en-GB","@id":"https:\/\/www.vmv-mbh.de\/startschuss-fuer-das-deutschland-ticket-fuer-seniorinnen-und-senioren-aus-mv\/#primaryimage","url":"https:\/\/www.vmv-mbh.de\/wp-content\/uploads\/DSC00129-scaled.jpg","contentUrl":"https:\/\/www.vmv-mbh.de\/wp-content\/uploads\/DSC00129-scaled.jpg","width":2560,"height":1707},{"@type":"BreadcrumbList","@id":"https:\/\/www.vmv-mbh.de\/startschuss-fuer-das-deutschland-ticket-fuer-seniorinnen-und-senioren-aus-mv\/#breadcrumb","itemListElement":[{"@type":"ListItem","position":1,"name":"Startseite","item":"https:\/\/www.vmv-mbh.de\/"},{"@type":"ListItem","position":2,"name":"Startschuss f\u00fcr das Deutschland-Ticket f\u00fcr Seniorinnen und Senioren aus MV"}]},{"@type":"WebSite","@id":"https:\/\/www.vmv-mbh.de\/#website","url":"https:\/\/www.vmv-mbh.de\/","name":"VMV Transport Company Mecklenburg-Western Pomerania","description":"VMV - Verkehrsgesellschaft M-V","publisher":{"@id":"https:\/\/www.vmv-mbh.de\/#organization"},"potentialAction":[{"@type":"SearchAction","target":{"@type":"EntryPoint","urlTemplate":"https:\/\/www.vmv-mbh.de\/?s={search_term_string}"},"query-input":{"@type":"PropertyValueSpecification","valueRequired":true,"valueName":"search_term_string"}}],"inLanguage":"en-GB"},{"@type":"Organization","@id":"https:\/\/www.vmv-mbh.de\/#organization","name":"VMV - Verkehrsgesellschaft Mecklenburg-Vorpommern mbH","url":"https:\/\/www.vmv-mbh.de\/","logo":{"@type":"ImageObject","inLanguage":"en-GB","@id":"https:\/\/www.vmv-mbh.de\/#\/schema\/logo\/image\/","url":"https:\/\/www.vmv-mbh.de\/wp-content\/uploads\/brand-vmv-vmv-logo-quer-inv.png","contentUrl":"https:\/\/www.vmv-mbh.de\/wp-content\/uploads\/brand-vmv-vmv-logo-quer-inv.png","width":384,"height":64,"caption":"VMV \u2013 Verkehrsgesellschaft Mecklenburg-Vorpommern mbH"},"image":{"@id":"https:\/\/www.vmv-mbh.de\/#\/schema\/logo\/image\/"}},{"@type":"Person","@id":"https:\/\/www.vmv-mbh.de\/#\/schema\/person\/6a0351a481204e9b223f3a62eebf686b","name":"PS-2","image":{"@type":"ImageObject","inLanguage":"en-GB","@id":"https:\/\/secure.gravatar.com\/avatar\/4030b641b3c1da7099f5e08231fbadb6b19b8eaa9e54909ff4f3523948e8daf3?s=96&d=mm&r=g","url":"https:\/\/secure.gravatar.com\/avatar\/4030b641b3c1da7099f5e08231fbadb6b19b8eaa9e54909ff4f3523948e8daf3?s=96&d=mm&r=g","contentUrl":"https:\/\/secure.gravatar.com\/avatar\/4030b641b3c1da7099f5e08231fbadb6b19b8eaa9e54909ff4f3523948e8daf3?s=96&d=mm&r=g","caption":"PS-2"},"url":"https:\/\/www.vmv-mbh.de\/en\/author\/diana-raeth\/"}]}},"_links":{"self":[{"href":"https:\/\/www.vmv-mbh.de\/en\/wp-json\/wp\/v2\/posts\/2611","targetHints":{"allow":["GET"]}}],"collection":[{"href":"https:\/\/www.vmv-mbh.de\/en\/wp-json\/wp\/v2\/posts"}],"about":[{"href":"https:\/\/www.vmv-mbh.de\/en\/wp-json\/wp\/v2\/types\/post"}],"author":[{"embeddable":true,"href":"https:\/\/www.vmv-mbh.de\/en\/wp-json\/wp\/v2\/users\/6"}],"replies":[{"embeddable":true,"href":"https:\/\/www.vmv-mbh.de\/en\/wp-json\/wp\/v2\/comments?post=2611"}],"version-history":[{"count":0,"href":"https:\/\/www.vmv-mbh.de\/en\/wp-json\/wp\/v2\/posts\/2611\/revisions"}],"wp:featuredmedia":[{"embeddable":true,"href":"https:\/\/www.vmv-mbh.de\/en\/wp-json\/wp\/v2\/media\/2612"}],"wp:attachment":[{"href":"https:\/\/www.vmv-mbh.de\/en\/wp-json\/wp\/v2\/media?parent=2611"}],"wp:term":[{"taxonomy":"category","embeddable":true,"href":"https:\/\/www.vmv-mbh.de\/en\/wp-json\/wp\/v2\/categories?post=2611"},{"taxonomy":"post_tag","embeddable":true,"href":"https:\/\/www.vmv-mbh.de\/en\/wp-json\/wp\/v2\/tags?post=2611"}],"curies":[{"name":"wp","href":"https:\/\/api.w.org\/{rel}","templated":true}]}}