{"id":2700,"date":"2023-11-10T10:07:29","date_gmt":"2023-11-10T09:07:29","guid":{"rendered":"https:\/\/www.vmv-mbh.de\/?p=2700"},"modified":"2023-11-10T10:34:01","modified_gmt":"2023-11-10T09:34:01","slug":"workshop-zur-oepnv-dachmarke-fuer-mv-der-vmv","status":"publish","type":"post","link":"https:\/\/www.vmv-mbh.de\/en\/workshop-zur-oepnv-dachmarke-fuer-mv-der-vmv\/","title":{"rendered":"Workshop on the VMV public transport umbrella brand for MV"},"content":{"rendered":"<div data-elementor-type=\"wp-post\" data-elementor-id=\"2700\" class=\"elementor elementor-2700\" data-elementor-post-type=\"post\">\n\t\t\t\t\t\t<section class=\"elementor-section elementor-top-section elementor-element elementor-element-7b86d730 elementor-section-boxed elementor-section-height-default elementor-section-height-default\" data-id=\"7b86d730\" data-element_type=\"section\" data-e-type=\"section\">\n\t\t\t\t\t\t<div class=\"elementor-container elementor-column-gap-default\">\n\t\t\t\t\t<div class=\"elementor-column elementor-col-100 elementor-top-column elementor-element elementor-element-3df6a80\" data-id=\"3df6a80\" data-element_type=\"column\" data-e-type=\"column\">\n\t\t\t<div class=\"elementor-widget-wrap elementor-element-populated\">\n\t\t\t\t\t\t<div class=\"elementor-element elementor-element-607f2b56 elementor-widget elementor-widget-text-editor\" data-id=\"607f2b56\" data-element_type=\"widget\" data-e-type=\"widget\" data-widget_type=\"text-editor.default\">\n\t\t\t\t<div class=\"elementor-widget-container\">\n\t\t\t\t\t\t\t\t\t<p><strong>Neubrandenburg, 09 November 2023<\/strong> VMV-Verkehrsgesellschaft Mecklenburg-Vorpommern has invited the state's transport companies, interest groups, districts and independent cities to the first workshop on the establishment of a public transport umbrella brand for Mecklenburg-Vorpommern in Neubrandenburg. Representatives from the Ministry of Economics, Infrastructure, Tourism and Labour also took part in the workshop.<\/p>\n<p>Ideas for the future umbrella brand of public transport in Mecklenburg-Vorpommern were presented and discussed at the workshop. Initial ideas were recorded and these will be presented to the participants as a logo in the second workshop in December.<\/p>\t\t\t\t\t\t\t\t<\/div>\n\t\t\t\t<\/div>\n\t\t\t\t\t<\/div>\n\t\t<\/div>\n\t\t\t\t\t<\/div>\n\t\t<\/section>\n\t\t\t\t<\/div>","protected":false},"excerpt":{"rendered":"<p>Neubrandenburg, 09.11.2023 VMV-Verkehrsgesellschaft Mecklenburg-Vorpommern has invited the state's transport companies, interest groups, districts and independent cities to the first workshop on the establishment of a public transport umbrella brand for Mecklenburg-Vorpommern in Neubrandenburg. Representatives from the Ministry of Economics, Infrastructure, Tourism and Labour also took part in the workshop. At the workshop, ideas for the future umbrella brand for public transport in...<\/p>","protected":false},"author":7,"featured_media":2701,"comment_status":"closed","ping_status":"open","sticky":false,"template":"","format":"standard","meta":{"_acf_changed":false,"footnotes":""},"categories":[1],"tags":[162,161,160,93,90,80,53],"class_list":["post-2700","post","type-post","status-publish","format-standard","has-post-thumbnail","hentry","category-allgemein","tag-marketing","tag-dachmarke","tag-oepnv-dachmarke","tag-landesweit","tag-workshop","tag-mv","tag-mecklenburg-vorpommern"],"acf":[],"yoast_head":"<!-- This site is optimized with the Yoast SEO plugin v27.4 - https:\/\/yoast.com\/product\/yoast-seo-wordpress\/ -->\n<title>Workshop zur \u00d6PNV-Dachmarke f\u00fcr MV der VMV - VMV-Verkehrsgesellschaft Mecklenburg-Vorpommern<\/title>\n<meta name=\"description\" content=\"Workshop zur \u00d6PNV-Dachmarke f\u00fcr MV der VMV\" \/>\n<meta name=\"robots\" content=\"index, follow, max-snippet:-1, max-image-preview:large, max-video-preview:-1\" \/>\n<link rel=\"canonical\" href=\"https:\/\/www.vmv-mbh.de\/en\/workshop-zur-oepnv-dachmarke-fuer-mv-der-vmv\/\" \/>\n<meta property=\"og:locale\" content=\"en_GB\" \/>\n<meta property=\"og:type\" content=\"article\" \/>\n<meta property=\"og:title\" content=\"Workshop zur \u00d6PNV-Dachmarke f\u00fcr MV der VMV - VMV-Verkehrsgesellschaft Mecklenburg-Vorpommern\" \/>\n<meta property=\"og:description\" content=\"Workshop zur \u00d6PNV-Dachmarke f\u00fcr MV der VMV\" \/>\n<meta property=\"og:url\" content=\"https:\/\/www.vmv-mbh.de\/en\/workshop-zur-oepnv-dachmarke-fuer-mv-der-vmv\/\" \/>\n<meta property=\"og:site_name\" content=\"VMV-Verkehrsgesellschaft Mecklenburg-Vorpommern\" \/>\n<meta property=\"article:published_time\" content=\"2023-11-10T09:07:29+00:00\" \/>\n<meta property=\"article:modified_time\" content=\"2023-11-10T09:34:01+00:00\" \/>\n<meta property=\"og:image\" content=\"https:\/\/www.vmv-mbh.de\/wp-content\/uploads\/Workshop-Dachmarke.jpg\" \/>\n\t<meta property=\"og:image:width\" content=\"1488\" \/>\n\t<meta property=\"og:image:height\" content=\"2000\" \/>\n\t<meta property=\"og:image:type\" content=\"image\/jpeg\" \/>\n<meta name=\"author\" content=\"Katharina Henkel\" \/>\n<meta name=\"twitter:card\" content=\"summary_large_image\" \/>\n<meta name=\"twitter:label1\" content=\"Written by\" \/>\n\t<meta name=\"twitter:data1\" content=\"Katharina Henkel\" \/>\n\t<meta name=\"twitter:label2\" content=\"Estimated reading time\" \/>\n\t<meta name=\"twitter:data2\" content=\"1 minute\" \/>\n<script type=\"application\/ld+json\" class=\"yoast-schema-graph\">{\"@context\":\"https:\\\/\\\/schema.org\",\"@graph\":[{\"@type\":\"Article\",\"@id\":\"https:\\\/\\\/www.vmv-mbh.de\\\/workshop-zur-oepnv-dachmarke-fuer-mv-der-vmv\\\/#article\",\"isPartOf\":{\"@id\":\"https:\\\/\\\/www.vmv-mbh.de\\\/workshop-zur-oepnv-dachmarke-fuer-mv-der-vmv\\\/\"},\"author\":{\"name\":\"Katharina Henkel\",\"@id\":\"https:\\\/\\\/www.vmv-mbh.de\\\/#\\\/schema\\\/person\\\/2cfafd86deaee1c537177c43b9314933\"},\"headline\":\"Workshop zur \u00d6PNV-Dachmarke f\u00fcr MV der VMV\",\"datePublished\":\"2023-11-10T09:07:29+00:00\",\"dateModified\":\"2023-11-10T09:34:01+00:00\",\"mainEntityOfPage\":{\"@id\":\"https:\\\/\\\/www.vmv-mbh.de\\\/workshop-zur-oepnv-dachmarke-fuer-mv-der-vmv\\\/\"},\"wordCount\":91,\"publisher\":{\"@id\":\"https:\\\/\\\/www.vmv-mbh.de\\\/#organization\"},\"image\":{\"@id\":\"https:\\\/\\\/www.vmv-mbh.de\\\/workshop-zur-oepnv-dachmarke-fuer-mv-der-vmv\\\/#primaryimage\"},\"thumbnailUrl\":\"https:\\\/\\\/www.vmv-mbh.de\\\/wp-content\\\/uploads\\\/Workshop-Dachmarke.jpg\",\"keywords\":[\"Marketing\",\"Dachmarke\",\"\u00d6PNV Dachmarke\",\"landesweit\",\"Workshop\",\"MV\",\"Mecklenburg-Vorpommern\"],\"articleSection\":[\"Allgemein\"],\"inLanguage\":\"en-GB\"},{\"@type\":\"WebPage\",\"@id\":\"https:\\\/\\\/www.vmv-mbh.de\\\/workshop-zur-oepnv-dachmarke-fuer-mv-der-vmv\\\/\",\"url\":\"https:\\\/\\\/www.vmv-mbh.de\\\/workshop-zur-oepnv-dachmarke-fuer-mv-der-vmv\\\/\",\"name\":\"Workshop zur \u00d6PNV-Dachmarke f\u00fcr MV der VMV - VMV-Verkehrsgesellschaft Mecklenburg-Vorpommern\",\"isPartOf\":{\"@id\":\"https:\\\/\\\/www.vmv-mbh.de\\\/#website\"},\"primaryImageOfPage\":{\"@id\":\"https:\\\/\\\/www.vmv-mbh.de\\\/workshop-zur-oepnv-dachmarke-fuer-mv-der-vmv\\\/#primaryimage\"},\"image\":{\"@id\":\"https:\\\/\\\/www.vmv-mbh.de\\\/workshop-zur-oepnv-dachmarke-fuer-mv-der-vmv\\\/#primaryimage\"},\"thumbnailUrl\":\"https:\\\/\\\/www.vmv-mbh.de\\\/wp-content\\\/uploads\\\/Workshop-Dachmarke.jpg\",\"datePublished\":\"2023-11-10T09:07:29+00:00\",\"dateModified\":\"2023-11-10T09:34:01+00:00\",\"description\":\"Workshop zur \u00d6PNV-Dachmarke f\u00fcr MV der VMV\",\"breadcrumb\":{\"@id\":\"https:\\\/\\\/www.vmv-mbh.de\\\/workshop-zur-oepnv-dachmarke-fuer-mv-der-vmv\\\/#breadcrumb\"},\"inLanguage\":\"en-GB\",\"potentialAction\":[{\"@type\":\"ReadAction\",\"target\":[\"https:\\\/\\\/www.vmv-mbh.de\\\/workshop-zur-oepnv-dachmarke-fuer-mv-der-vmv\\\/\"]}]},{\"@type\":\"ImageObject\",\"inLanguage\":\"en-GB\",\"@id\":\"https:\\\/\\\/www.vmv-mbh.de\\\/workshop-zur-oepnv-dachmarke-fuer-mv-der-vmv\\\/#primaryimage\",\"url\":\"https:\\\/\\\/www.vmv-mbh.de\\\/wp-content\\\/uploads\\\/Workshop-Dachmarke.jpg\",\"contentUrl\":\"https:\\\/\\\/www.vmv-mbh.de\\\/wp-content\\\/uploads\\\/Workshop-Dachmarke.jpg\",\"width\":1488,\"height\":2000},{\"@type\":\"BreadcrumbList\",\"@id\":\"https:\\\/\\\/www.vmv-mbh.de\\\/workshop-zur-oepnv-dachmarke-fuer-mv-der-vmv\\\/#breadcrumb\",\"itemListElement\":[{\"@type\":\"ListItem\",\"position\":1,\"name\":\"Startseite\",\"item\":\"https:\\\/\\\/www.vmv-mbh.de\\\/\"},{\"@type\":\"ListItem\",\"position\":2,\"name\":\"Workshop zur \u00d6PNV-Dachmarke f\u00fcr MV der VMV\"}]},{\"@type\":\"WebSite\",\"@id\":\"https:\\\/\\\/www.vmv-mbh.de\\\/#website\",\"url\":\"https:\\\/\\\/www.vmv-mbh.de\\\/\",\"name\":\"VMV-Verkehrsgesellschaft Mecklenburg-Vorpommern\",\"description\":\"VMV \u2013 Verkehrsgesellschaft M-V\",\"publisher\":{\"@id\":\"https:\\\/\\\/www.vmv-mbh.de\\\/#organization\"},\"potentialAction\":[{\"@type\":\"SearchAction\",\"target\":{\"@type\":\"EntryPoint\",\"urlTemplate\":\"https:\\\/\\\/www.vmv-mbh.de\\\/?s={search_term_string}\"},\"query-input\":{\"@type\":\"PropertyValueSpecification\",\"valueRequired\":true,\"valueName\":\"search_term_string\"}}],\"inLanguage\":\"en-GB\"},{\"@type\":\"Organization\",\"@id\":\"https:\\\/\\\/www.vmv-mbh.de\\\/#organization\",\"name\":\"VMV \u2013 Verkehrsgesellschaft Mecklenburg-Vorpommern mbH\",\"url\":\"https:\\\/\\\/www.vmv-mbh.de\\\/\",\"logo\":{\"@type\":\"ImageObject\",\"inLanguage\":\"en-GB\",\"@id\":\"https:\\\/\\\/www.vmv-mbh.de\\\/#\\\/schema\\\/logo\\\/image\\\/\",\"url\":\"https:\\\/\\\/www.vmv-mbh.de\\\/wp-content\\\/uploads\\\/brand-vmv-vmv-logo-quer-inv.png\",\"contentUrl\":\"https:\\\/\\\/www.vmv-mbh.de\\\/wp-content\\\/uploads\\\/brand-vmv-vmv-logo-quer-inv.png\",\"width\":384,\"height\":64,\"caption\":\"VMV \u2013 Verkehrsgesellschaft Mecklenburg-Vorpommern mbH\"},\"image\":{\"@id\":\"https:\\\/\\\/www.vmv-mbh.de\\\/#\\\/schema\\\/logo\\\/image\\\/\"}},{\"@type\":\"Person\",\"@id\":\"https:\\\/\\\/www.vmv-mbh.de\\\/#\\\/schema\\\/person\\\/2cfafd86deaee1c537177c43b9314933\",\"name\":\"Katharina Henkel\",\"image\":{\"@type\":\"ImageObject\",\"inLanguage\":\"en-GB\",\"@id\":\"https:\\\/\\\/secure.gravatar.com\\\/avatar\\\/b93e9f247cea2317b341cba121c5ed6a4745d9d131daf85983e78af1dab7631d?s=96&d=mm&r=g\",\"url\":\"https:\\\/\\\/secure.gravatar.com\\\/avatar\\\/b93e9f247cea2317b341cba121c5ed6a4745d9d131daf85983e78af1dab7631d?s=96&d=mm&r=g\",\"contentUrl\":\"https:\\\/\\\/secure.gravatar.com\\\/avatar\\\/b93e9f247cea2317b341cba121c5ed6a4745d9d131daf85983e78af1dab7631d?s=96&d=mm&r=g\",\"caption\":\"Katharina Henkel\"},\"url\":\"https:\\\/\\\/www.vmv-mbh.de\\\/en\\\/author\\\/katharina-henkel\\\/\"}]}<\/script>\n<!-- \/ Yoast SEO plugin. -->","yoast_head_json":{"title":"Workshop zur \u00d6PNV-Dachmarke f\u00fcr MV der VMV - VMV-Verkehrsgesellschaft Mecklenburg-Vorpommern","description":"Workshop on the VMV public transport umbrella brand for MV","robots":{"index":"index","follow":"follow","max-snippet":"max-snippet:-1","max-image-preview":"max-image-preview:large","max-video-preview":"max-video-preview:-1"},"canonical":"https:\/\/www.vmv-mbh.de\/en\/workshop-zur-oepnv-dachmarke-fuer-mv-der-vmv\/","og_locale":"en_GB","og_type":"article","og_title":"Workshop zur \u00d6PNV-Dachmarke f\u00fcr MV der VMV - VMV-Verkehrsgesellschaft Mecklenburg-Vorpommern","og_description":"Workshop zur \u00d6PNV-Dachmarke f\u00fcr MV der VMV","og_url":"https:\/\/www.vmv-mbh.de\/en\/workshop-zur-oepnv-dachmarke-fuer-mv-der-vmv\/","og_site_name":"VMV-Verkehrsgesellschaft Mecklenburg-Vorpommern","article_published_time":"2023-11-10T09:07:29+00:00","article_modified_time":"2023-11-10T09:34:01+00:00","og_image":[{"width":1488,"height":2000,"url":"https:\/\/www.vmv-mbh.de\/wp-content\/uploads\/Workshop-Dachmarke.jpg","type":"image\/jpeg"}],"author":"Katharina Henkel","twitter_card":"summary_large_image","twitter_misc":{"Written by":"Katharina Henkel","Estimated reading time":"1 minute"},"schema":{"@context":"https:\/\/schema.org","@graph":[{"@type":"Article","@id":"https:\/\/www.vmv-mbh.de\/workshop-zur-oepnv-dachmarke-fuer-mv-der-vmv\/#article","isPartOf":{"@id":"https:\/\/www.vmv-mbh.de\/workshop-zur-oepnv-dachmarke-fuer-mv-der-vmv\/"},"author":{"name":"Katharina Henkel","@id":"https:\/\/www.vmv-mbh.de\/#\/schema\/person\/2cfafd86deaee1c537177c43b9314933"},"headline":"Workshop zur \u00d6PNV-Dachmarke f\u00fcr MV der VMV","datePublished":"2023-11-10T09:07:29+00:00","dateModified":"2023-11-10T09:34:01+00:00","mainEntityOfPage":{"@id":"https:\/\/www.vmv-mbh.de\/workshop-zur-oepnv-dachmarke-fuer-mv-der-vmv\/"},"wordCount":91,"publisher":{"@id":"https:\/\/www.vmv-mbh.de\/#organization"},"image":{"@id":"https:\/\/www.vmv-mbh.de\/workshop-zur-oepnv-dachmarke-fuer-mv-der-vmv\/#primaryimage"},"thumbnailUrl":"https:\/\/www.vmv-mbh.de\/wp-content\/uploads\/Workshop-Dachmarke.jpg","keywords":["Marketing","Dachmarke","\u00d6PNV Dachmarke","landesweit","Workshop","MV","Mecklenburg-Vorpommern"],"articleSection":["Allgemein"],"inLanguage":"en-GB"},{"@type":"WebPage","@id":"https:\/\/www.vmv-mbh.de\/workshop-zur-oepnv-dachmarke-fuer-mv-der-vmv\/","url":"https:\/\/www.vmv-mbh.de\/workshop-zur-oepnv-dachmarke-fuer-mv-der-vmv\/","name":"Workshop zur \u00d6PNV-Dachmarke f\u00fcr MV der VMV - VMV-Verkehrsgesellschaft Mecklenburg-Vorpommern","isPartOf":{"@id":"https:\/\/www.vmv-mbh.de\/#website"},"primaryImageOfPage":{"@id":"https:\/\/www.vmv-mbh.de\/workshop-zur-oepnv-dachmarke-fuer-mv-der-vmv\/#primaryimage"},"image":{"@id":"https:\/\/www.vmv-mbh.de\/workshop-zur-oepnv-dachmarke-fuer-mv-der-vmv\/#primaryimage"},"thumbnailUrl":"https:\/\/www.vmv-mbh.de\/wp-content\/uploads\/Workshop-Dachmarke.jpg","datePublished":"2023-11-10T09:07:29+00:00","dateModified":"2023-11-10T09:34:01+00:00","description":"Workshop on the VMV public transport umbrella brand for MV","breadcrumb":{"@id":"https:\/\/www.vmv-mbh.de\/workshop-zur-oepnv-dachmarke-fuer-mv-der-vmv\/#breadcrumb"},"inLanguage":"en-GB","potentialAction":[{"@type":"ReadAction","target":["https:\/\/www.vmv-mbh.de\/workshop-zur-oepnv-dachmarke-fuer-mv-der-vmv\/"]}]},{"@type":"ImageObject","inLanguage":"en-GB","@id":"https:\/\/www.vmv-mbh.de\/workshop-zur-oepnv-dachmarke-fuer-mv-der-vmv\/#primaryimage","url":"https:\/\/www.vmv-mbh.de\/wp-content\/uploads\/Workshop-Dachmarke.jpg","contentUrl":"https:\/\/www.vmv-mbh.de\/wp-content\/uploads\/Workshop-Dachmarke.jpg","width":1488,"height":2000},{"@type":"BreadcrumbList","@id":"https:\/\/www.vmv-mbh.de\/workshop-zur-oepnv-dachmarke-fuer-mv-der-vmv\/#breadcrumb","itemListElement":[{"@type":"ListItem","position":1,"name":"Startseite","item":"https:\/\/www.vmv-mbh.de\/"},{"@type":"ListItem","position":2,"name":"Workshop zur \u00d6PNV-Dachmarke f\u00fcr MV der VMV"}]},{"@type":"WebSite","@id":"https:\/\/www.vmv-mbh.de\/#website","url":"https:\/\/www.vmv-mbh.de\/","name":"VMV Transport Company Mecklenburg-Western Pomerania","description":"VMV - Verkehrsgesellschaft M-V","publisher":{"@id":"https:\/\/www.vmv-mbh.de\/#organization"},"potentialAction":[{"@type":"SearchAction","target":{"@type":"EntryPoint","urlTemplate":"https:\/\/www.vmv-mbh.de\/?s={search_term_string}"},"query-input":{"@type":"PropertyValueSpecification","valueRequired":true,"valueName":"search_term_string"}}],"inLanguage":"en-GB"},{"@type":"Organization","@id":"https:\/\/www.vmv-mbh.de\/#organization","name":"VMV - Verkehrsgesellschaft Mecklenburg-Vorpommern mbH","url":"https:\/\/www.vmv-mbh.de\/","logo":{"@type":"ImageObject","inLanguage":"en-GB","@id":"https:\/\/www.vmv-mbh.de\/#\/schema\/logo\/image\/","url":"https:\/\/www.vmv-mbh.de\/wp-content\/uploads\/brand-vmv-vmv-logo-quer-inv.png","contentUrl":"https:\/\/www.vmv-mbh.de\/wp-content\/uploads\/brand-vmv-vmv-logo-quer-inv.png","width":384,"height":64,"caption":"VMV \u2013 Verkehrsgesellschaft Mecklenburg-Vorpommern mbH"},"image":{"@id":"https:\/\/www.vmv-mbh.de\/#\/schema\/logo\/image\/"}},{"@type":"Person","@id":"https:\/\/www.vmv-mbh.de\/#\/schema\/person\/2cfafd86deaee1c537177c43b9314933","name":"Katharina Henkel","image":{"@type":"ImageObject","inLanguage":"en-GB","@id":"https:\/\/secure.gravatar.com\/avatar\/b93e9f247cea2317b341cba121c5ed6a4745d9d131daf85983e78af1dab7631d?s=96&d=mm&r=g","url":"https:\/\/secure.gravatar.com\/avatar\/b93e9f247cea2317b341cba121c5ed6a4745d9d131daf85983e78af1dab7631d?s=96&d=mm&r=g","contentUrl":"https:\/\/secure.gravatar.com\/avatar\/b93e9f247cea2317b341cba121c5ed6a4745d9d131daf85983e78af1dab7631d?s=96&d=mm&r=g","caption":"Katharina Henkel"},"url":"https:\/\/www.vmv-mbh.de\/en\/author\/katharina-henkel\/"}]}},"_links":{"self":[{"href":"https:\/\/www.vmv-mbh.de\/en\/wp-json\/wp\/v2\/posts\/2700","targetHints":{"allow":["GET"]}}],"collection":[{"href":"https:\/\/www.vmv-mbh.de\/en\/wp-json\/wp\/v2\/posts"}],"about":[{"href":"https:\/\/www.vmv-mbh.de\/en\/wp-json\/wp\/v2\/types\/post"}],"author":[{"embeddable":true,"href":"https:\/\/www.vmv-mbh.de\/en\/wp-json\/wp\/v2\/users\/7"}],"replies":[{"embeddable":true,"href":"https:\/\/www.vmv-mbh.de\/en\/wp-json\/wp\/v2\/comments?post=2700"}],"version-history":[{"count":0,"href":"https:\/\/www.vmv-mbh.de\/en\/wp-json\/wp\/v2\/posts\/2700\/revisions"}],"wp:featuredmedia":[{"embeddable":true,"href":"https:\/\/www.vmv-mbh.de\/en\/wp-json\/wp\/v2\/media\/2701"}],"wp:attachment":[{"href":"https:\/\/www.vmv-mbh.de\/en\/wp-json\/wp\/v2\/media?parent=2700"}],"wp:term":[{"taxonomy":"category","embeddable":true,"href":"https:\/\/www.vmv-mbh.de\/en\/wp-json\/wp\/v2\/categories?post=2700"},{"taxonomy":"post_tag","embeddable":true,"href":"https:\/\/www.vmv-mbh.de\/en\/wp-json\/wp\/v2\/tags?post=2700"}],"curies":[{"name":"wp","href":"https:\/\/api.w.org\/{rel}","templated":true}]}}