{"id":3248,"date":"2025-01-06T14:00:18","date_gmt":"2025-01-06T13:00:18","guid":{"rendered":"https:\/\/www.vmv-mbh.de\/?p=3248"},"modified":"2025-01-07T09:55:37","modified_gmt":"2025-01-07T08:55:37","slug":"inbetriebnahme-der-neuen-bahnstation-schwerin-industriepark","status":"publish","type":"post","link":"https:\/\/www.vmv-mbh.de\/en\/inbetriebnahme-der-neuen-bahnstation-schwerin-industriepark\/","title":{"rendered":"Neue barrierefreie Bahnstation \u201eSchwerin Industriepark\u201c feierlich er\u00f6ffnet"},"content":{"rendered":"<p><strong>DB Pressemitteilung<\/strong><\/p>\n<h4>Land und DB investieren insgesamt rund zwei Millionen Euro<\/h4>\n<p><strong>Schwerin, 6. Januar 2025<\/strong>\u00a0 Mecklenburg-Vorpommerns Landeshauptstadt hat eine neue Bahnstation: \u201eSchwerin Industriepark\u201c. DB-Konzernbevollm\u00e4chtigter Alexander Kaczmarek er\u00f6ffnete den barrierefreien Haltepunkt gemeinsam mit Mecklenburg-Vorpommerns Ministerpr\u00e4sidentin Manuela Schwesig, Schwerins Oberb\u00fcrgermeister Dr. Rico Badenschier, Gesch\u00e4ftsf\u00fchrer der VMV-Verkehrsgesellschaft Mecklenburg-Vorpommern mbH Daniel Bischof, Gesch\u00e4ftsf\u00fchrer der Ostdeutschen Eisenbahn GmbH (ODEG) Stefan Neubert und Vorstand Personenbahnh\u00f6fe Ralf Thieme.<\/p>\n<p>Bereits seit Fahrplanwechsel am 15. Dezember profitieren Mitarbeitende der ans\u00e4ssigen Unternehmen im Industriestandort und alle anderen Reisenden vom neuen Halt auf der Strecke Rehna\u2013Schwerin\u2013Parchim.<\/p>\n<p><strong>Vorstand Personenbahnh\u00f6fe DB InfraGO AG Ralf Thieme:<\/strong> \u201eGute Nachrichten f\u00fcr die Landeshauptstadt: Mitarbeitende der Unternehmen im Industriepark Schwerin k\u00f6nnen ihr Auto k\u00fcnftig stehen lassen, denn nun h\u00e4lt der Zug quasi vorm Werkstor. Mit dieser neu gebauten Station zeigt die DB, dass sie auch die Bed\u00fcrfnisse der Pendlerinnen und Pendler in der Fl\u00e4che im Blick hat. 2025 verbessern wir f\u00fcr unsere Reisenden viele Stationen in Mecklenburg-Vorpommern. Allein w\u00e4hrend der Generalsanierung der Strecke Berlin-Hamburg ab August erneuern wir neun Stationen.\u201c<\/p>\n<p><strong>Ministerpr\u00e4sidentin des Landes Mecklenburg-Vorpommern Manuela Schwesig:<\/strong> \u201eMit der Bahnstation Schwerin Industriepark schlie\u00dfen wir den Industriepark besser an die Bahn an. In 12 Minuten ist man vom Hauptbahnhof hier. Wir werden in einem Fl\u00e4chenland wie Mecklenburg-Vorpommern immer Autos brauchen. Aber ich bin davon \u00fcberzeugt, dass wir mehr Verkehr auf die Schiene verlagern k\u00f6nnen, wenn das Gesamtpaket stimmt: gute Verbindungen zu guten Preisen.\u201c<\/p>\n<p><strong>Oberb\u00fcrgermeister Dr. Rico Badenschier: <\/strong>\u201eDieser Haltepunkt erm\u00f6glicht die Anbindung unseres Industrieparks im stabilen Stundentakt. Besch\u00e4ftigte und Gesch\u00e4ftsreisende gelangen so in wenigen Minuten mit der Bahn in die Schweriner Innenstadt. Eine Anbindung in dieser Frequenz h\u00e4tten wir mit Bussen unseres Nahverkehrs nicht wirtschaftlich darstellen k\u00f6nnen!\u201c<\/p>\n<p><strong>Gesch\u00e4ftsf\u00fchrer der VMV-Verkehrsgesellschaft Mecklenburg-Vorpommern mbH Daniel Bischof: <\/strong>\u201eDie Inbetriebnahme der neuen Verkehrsstation ist der Schlusspunkt der 2019 mit der DB AG vereinbarten Rahmenvereinbarung zur Stationsoffensive. Mit der neuen Station verbessert sich die Erreichbarkeit des Industrieparks mit \u00f6ffentlichen Verkehrsmitteln erheblich.\u201c<\/p>\n<p><strong>Gesch\u00e4ftsf\u00fchrer der ODEG Stefan Neubert: <\/strong>\u201eWir freuen uns, dass wir als ODEG die neue Station Schwerin Industriepark seit dem Fahrplanwechsel bedienen d\u00fcrfen. Der Industriepark Schwerin ist nicht nur ein bedeutendes Wirtschaftszentrum in der Region, sondern auch ein Symbol f\u00fcr die Zukunftsf\u00e4higkeit des Wirtschaftsstandorts Schwerin. Es erf\u00fcllt uns mit Stolz, als ODEG Teil dieses Projekts zu sein und die Mitarbeitenden der ans\u00e4ssigen Unternehmen zuverl\u00e4ssig, sicher und nachhaltig an ihren Arbeitsplatz zu bringen.\u201c<\/p>\n<p>Das Land Mecklenburg-Vorpommern und die Deutsche Bahn haben rund 1,9 Millionen Euro in die neue Bahnstation \u201eSchwerin Industriepark\u201c investiert. Die Station ist mit einem 100 Meter langen Bahnsteig ausgestattet, der barrierefrei zug\u00e4nglich ist und einen stufenfreien Zugang zum Zug erm\u00f6glicht. Die Beleuchtung ist energiesparend. Im Januar folgen noch Bahnsteigmobiliar, ein Wetterschutzhaus und das Bahnsteiggel\u00e4nder.<\/p>","protected":false},"excerpt":{"rendered":"<p>DB Pressemitteilung Land und DB investieren insgesamt rund zwei Millionen Euro Schwerin, 6. Januar 2025\u00a0 Mecklenburg-Vorpommerns Landeshauptstadt hat eine neue Bahnstation: \u201eSchwerin Industriepark\u201c. DB-Konzernbevollm\u00e4chtigter Alexander Kaczmarek er\u00f6ffnete den barrierefreien Haltepunkt gemeinsam mit Mecklenburg-Vorpommerns Ministerpr\u00e4sidentin Manuela Schwesig, Schwerins Oberb\u00fcrgermeister Dr. Rico Badenschier, Gesch\u00e4ftsf\u00fchrer der VMV-Verkehrsgesellschaft Mecklenburg-Vorpommern mbH Daniel Bischof, Gesch\u00e4ftsf\u00fchrer der Ostdeutschen Eisenbahn GmbH (ODEG) Stefan&hellip;<\/p>","protected":false},"author":7,"featured_media":3252,"comment_status":"closed","ping_status":"closed","sticky":false,"template":"","format":"standard","meta":{"_acf_changed":false,"footnotes":""},"categories":[1],"tags":[277,276,278,230,47],"class_list":["post-3248","post","type-post","status-publish","format-standard","has-post-thumbnail","hentry","category-allgemein","tag-schwerin-industriepark","tag-inbetriebnahme","tag-06-01-2025","tag-land-mecklenburg-vorpommern","tag-landeshauptstadt-schwerin"],"acf":[],"yoast_head":"<!-- This site is optimized with the Yoast SEO plugin v27.4 - https:\/\/yoast.com\/product\/yoast-seo-wordpress\/ -->\n<title>Neue barrierefreie Bahnstation \u201eSchwerin Industriepark\u201c feierlich er\u00f6ffnet - VMV-Verkehrsgesellschaft Mecklenburg-Vorpommern<\/title>\n<meta name=\"description\" content=\"Neue barrierefreie Bahnstation \u201eSchwerin Industriepark\u201c feierlich er\u00f6ffnet\" \/>\n<meta name=\"robots\" content=\"index, follow, max-snippet:-1, max-image-preview:large, max-video-preview:-1\" \/>\n<link rel=\"canonical\" href=\"https:\/\/www.vmv-mbh.de\/en\/inbetriebnahme-der-neuen-bahnstation-schwerin-industriepark\/\" \/>\n<meta property=\"og:locale\" content=\"en_GB\" \/>\n<meta property=\"og:type\" content=\"article\" \/>\n<meta property=\"og:title\" content=\"Neue barrierefreie Bahnstation \u201eSchwerin Industriepark\u201c feierlich er\u00f6ffnet - VMV-Verkehrsgesellschaft Mecklenburg-Vorpommern\" \/>\n<meta property=\"og:description\" content=\"Neue barrierefreie Bahnstation \u201eSchwerin Industriepark\u201c feierlich er\u00f6ffnet\" \/>\n<meta property=\"og:url\" content=\"https:\/\/www.vmv-mbh.de\/en\/inbetriebnahme-der-neuen-bahnstation-schwerin-industriepark\/\" \/>\n<meta property=\"og:site_name\" content=\"VMV-Verkehrsgesellschaft Mecklenburg-Vorpommern\" \/>\n<meta property=\"article:published_time\" content=\"2025-01-06T13:00:18+00:00\" \/>\n<meta property=\"article:modified_time\" content=\"2025-01-07T08:55:37+00:00\" \/>\n<meta property=\"og:image\" content=\"https:\/\/www.vmv-mbh.de\/wp-content\/uploads\/DSC00598-scaled-e1736240067287.jpg\" \/>\n\t<meta property=\"og:image:width\" content=\"1700\" \/>\n\t<meta property=\"og:image:height\" content=\"1134\" \/>\n\t<meta property=\"og:image:type\" content=\"image\/jpeg\" \/>\n<meta name=\"author\" content=\"Katharina Henkel\" \/>\n<meta name=\"twitter:card\" content=\"summary_large_image\" \/>\n<meta name=\"twitter:label1\" content=\"Written by\" \/>\n\t<meta name=\"twitter:data1\" content=\"Katharina Henkel\" \/>\n\t<meta name=\"twitter:label2\" content=\"Estimated reading time\" \/>\n\t<meta name=\"twitter:data2\" content=\"3 minutes\" \/>\n<script type=\"application\/ld+json\" class=\"yoast-schema-graph\">{\"@context\":\"https:\\\/\\\/schema.org\",\"@graph\":[{\"@type\":\"Article\",\"@id\":\"https:\\\/\\\/www.vmv-mbh.de\\\/inbetriebnahme-der-neuen-bahnstation-schwerin-industriepark\\\/#article\",\"isPartOf\":{\"@id\":\"https:\\\/\\\/www.vmv-mbh.de\\\/inbetriebnahme-der-neuen-bahnstation-schwerin-industriepark\\\/\"},\"author\":{\"name\":\"Katharina Henkel\",\"@id\":\"https:\\\/\\\/www.vmv-mbh.de\\\/#\\\/schema\\\/person\\\/2cfafd86deaee1c537177c43b9314933\"},\"headline\":\"Neue barrierefreie Bahnstation \u201eSchwerin Industriepark\u201c feierlich er\u00f6ffnet\",\"datePublished\":\"2025-01-06T13:00:18+00:00\",\"dateModified\":\"2025-01-07T08:55:37+00:00\",\"mainEntityOfPage\":{\"@id\":\"https:\\\/\\\/www.vmv-mbh.de\\\/inbetriebnahme-der-neuen-bahnstation-schwerin-industriepark\\\/\"},\"wordCount\":476,\"publisher\":{\"@id\":\"https:\\\/\\\/www.vmv-mbh.de\\\/#organization\"},\"image\":{\"@id\":\"https:\\\/\\\/www.vmv-mbh.de\\\/inbetriebnahme-der-neuen-bahnstation-schwerin-industriepark\\\/#primaryimage\"},\"thumbnailUrl\":\"https:\\\/\\\/www.vmv-mbh.de\\\/wp-content\\\/uploads\\\/DSC00598-scaled-e1736240067287.jpg\",\"keywords\":[\"Schwerin Industriepark\",\"Inbetriebnahme\",\"06.01.2025\",\"Land Mecklenburg-Vorpommern\",\"Landeshauptstadt Schwerin\"],\"articleSection\":[\"Allgemein\"],\"inLanguage\":\"en-GB\"},{\"@type\":\"WebPage\",\"@id\":\"https:\\\/\\\/www.vmv-mbh.de\\\/inbetriebnahme-der-neuen-bahnstation-schwerin-industriepark\\\/\",\"url\":\"https:\\\/\\\/www.vmv-mbh.de\\\/inbetriebnahme-der-neuen-bahnstation-schwerin-industriepark\\\/\",\"name\":\"Neue barrierefreie Bahnstation \u201eSchwerin Industriepark\u201c feierlich er\u00f6ffnet - VMV-Verkehrsgesellschaft Mecklenburg-Vorpommern\",\"isPartOf\":{\"@id\":\"https:\\\/\\\/www.vmv-mbh.de\\\/#website\"},\"primaryImageOfPage\":{\"@id\":\"https:\\\/\\\/www.vmv-mbh.de\\\/inbetriebnahme-der-neuen-bahnstation-schwerin-industriepark\\\/#primaryimage\"},\"image\":{\"@id\":\"https:\\\/\\\/www.vmv-mbh.de\\\/inbetriebnahme-der-neuen-bahnstation-schwerin-industriepark\\\/#primaryimage\"},\"thumbnailUrl\":\"https:\\\/\\\/www.vmv-mbh.de\\\/wp-content\\\/uploads\\\/DSC00598-scaled-e1736240067287.jpg\",\"datePublished\":\"2025-01-06T13:00:18+00:00\",\"dateModified\":\"2025-01-07T08:55:37+00:00\",\"description\":\"Neue barrierefreie Bahnstation \u201eSchwerin Industriepark\u201c feierlich er\u00f6ffnet\",\"breadcrumb\":{\"@id\":\"https:\\\/\\\/www.vmv-mbh.de\\\/inbetriebnahme-der-neuen-bahnstation-schwerin-industriepark\\\/#breadcrumb\"},\"inLanguage\":\"en-GB\",\"potentialAction\":[{\"@type\":\"ReadAction\",\"target\":[\"https:\\\/\\\/www.vmv-mbh.de\\\/inbetriebnahme-der-neuen-bahnstation-schwerin-industriepark\\\/\"]}]},{\"@type\":\"ImageObject\",\"inLanguage\":\"en-GB\",\"@id\":\"https:\\\/\\\/www.vmv-mbh.de\\\/inbetriebnahme-der-neuen-bahnstation-schwerin-industriepark\\\/#primaryimage\",\"url\":\"https:\\\/\\\/www.vmv-mbh.de\\\/wp-content\\\/uploads\\\/DSC00598-scaled-e1736240067287.jpg\",\"contentUrl\":\"https:\\\/\\\/www.vmv-mbh.de\\\/wp-content\\\/uploads\\\/DSC00598-scaled-e1736240067287.jpg\",\"width\":1700,\"height\":1134},{\"@type\":\"BreadcrumbList\",\"@id\":\"https:\\\/\\\/www.vmv-mbh.de\\\/inbetriebnahme-der-neuen-bahnstation-schwerin-industriepark\\\/#breadcrumb\",\"itemListElement\":[{\"@type\":\"ListItem\",\"position\":1,\"name\":\"Startseite\",\"item\":\"https:\\\/\\\/www.vmv-mbh.de\\\/\"},{\"@type\":\"ListItem\",\"position\":2,\"name\":\"Neue barrierefreie Bahnstation \u201eSchwerin Industriepark\u201c feierlich er\u00f6ffnet\"}]},{\"@type\":\"WebSite\",\"@id\":\"https:\\\/\\\/www.vmv-mbh.de\\\/#website\",\"url\":\"https:\\\/\\\/www.vmv-mbh.de\\\/\",\"name\":\"VMV-Verkehrsgesellschaft Mecklenburg-Vorpommern\",\"description\":\"VMV \u2013 Verkehrsgesellschaft M-V\",\"publisher\":{\"@id\":\"https:\\\/\\\/www.vmv-mbh.de\\\/#organization\"},\"potentialAction\":[{\"@type\":\"SearchAction\",\"target\":{\"@type\":\"EntryPoint\",\"urlTemplate\":\"https:\\\/\\\/www.vmv-mbh.de\\\/?s={search_term_string}\"},\"query-input\":{\"@type\":\"PropertyValueSpecification\",\"valueRequired\":true,\"valueName\":\"search_term_string\"}}],\"inLanguage\":\"en-GB\"},{\"@type\":\"Organization\",\"@id\":\"https:\\\/\\\/www.vmv-mbh.de\\\/#organization\",\"name\":\"VMV \u2013 Verkehrsgesellschaft Mecklenburg-Vorpommern mbH\",\"url\":\"https:\\\/\\\/www.vmv-mbh.de\\\/\",\"logo\":{\"@type\":\"ImageObject\",\"inLanguage\":\"en-GB\",\"@id\":\"https:\\\/\\\/www.vmv-mbh.de\\\/#\\\/schema\\\/logo\\\/image\\\/\",\"url\":\"https:\\\/\\\/www.vmv-mbh.de\\\/wp-content\\\/uploads\\\/brand-vmv-vmv-logo-quer-inv.png\",\"contentUrl\":\"https:\\\/\\\/www.vmv-mbh.de\\\/wp-content\\\/uploads\\\/brand-vmv-vmv-logo-quer-inv.png\",\"width\":384,\"height\":64,\"caption\":\"VMV \u2013 Verkehrsgesellschaft Mecklenburg-Vorpommern mbH\"},\"image\":{\"@id\":\"https:\\\/\\\/www.vmv-mbh.de\\\/#\\\/schema\\\/logo\\\/image\\\/\"}},{\"@type\":\"Person\",\"@id\":\"https:\\\/\\\/www.vmv-mbh.de\\\/#\\\/schema\\\/person\\\/2cfafd86deaee1c537177c43b9314933\",\"name\":\"Katharina Henkel\",\"image\":{\"@type\":\"ImageObject\",\"inLanguage\":\"en-GB\",\"@id\":\"https:\\\/\\\/secure.gravatar.com\\\/avatar\\\/b93e9f247cea2317b341cba121c5ed6a4745d9d131daf85983e78af1dab7631d?s=96&d=mm&r=g\",\"url\":\"https:\\\/\\\/secure.gravatar.com\\\/avatar\\\/b93e9f247cea2317b341cba121c5ed6a4745d9d131daf85983e78af1dab7631d?s=96&d=mm&r=g\",\"contentUrl\":\"https:\\\/\\\/secure.gravatar.com\\\/avatar\\\/b93e9f247cea2317b341cba121c5ed6a4745d9d131daf85983e78af1dab7631d?s=96&d=mm&r=g\",\"caption\":\"Katharina Henkel\"},\"url\":\"https:\\\/\\\/www.vmv-mbh.de\\\/en\\\/author\\\/katharina-henkel\\\/\"}]}<\/script>\n<!-- \/ Yoast SEO plugin. -->","yoast_head_json":{"title":"Neue barrierefreie Bahnstation \u201eSchwerin Industriepark\u201c feierlich er\u00f6ffnet - VMV-Verkehrsgesellschaft Mecklenburg-Vorpommern","description":"Neue barrierefreie Bahnstation \u201eSchwerin Industriepark\u201c feierlich er\u00f6ffnet","robots":{"index":"index","follow":"follow","max-snippet":"max-snippet:-1","max-image-preview":"max-image-preview:large","max-video-preview":"max-video-preview:-1"},"canonical":"https:\/\/www.vmv-mbh.de\/en\/inbetriebnahme-der-neuen-bahnstation-schwerin-industriepark\/","og_locale":"en_GB","og_type":"article","og_title":"Neue barrierefreie Bahnstation \u201eSchwerin Industriepark\u201c feierlich er\u00f6ffnet - VMV-Verkehrsgesellschaft Mecklenburg-Vorpommern","og_description":"Neue barrierefreie Bahnstation \u201eSchwerin Industriepark\u201c feierlich er\u00f6ffnet","og_url":"https:\/\/www.vmv-mbh.de\/en\/inbetriebnahme-der-neuen-bahnstation-schwerin-industriepark\/","og_site_name":"VMV-Verkehrsgesellschaft Mecklenburg-Vorpommern","article_published_time":"2025-01-06T13:00:18+00:00","article_modified_time":"2025-01-07T08:55:37+00:00","og_image":[{"width":1700,"height":1134,"url":"https:\/\/www.vmv-mbh.de\/wp-content\/uploads\/DSC00598-scaled-e1736240067287.jpg","type":"image\/jpeg"}],"author":"Katharina Henkel","twitter_card":"summary_large_image","twitter_misc":{"Written by":"Katharina Henkel","Estimated reading time":"3 minutes"},"schema":{"@context":"https:\/\/schema.org","@graph":[{"@type":"Article","@id":"https:\/\/www.vmv-mbh.de\/inbetriebnahme-der-neuen-bahnstation-schwerin-industriepark\/#article","isPartOf":{"@id":"https:\/\/www.vmv-mbh.de\/inbetriebnahme-der-neuen-bahnstation-schwerin-industriepark\/"},"author":{"name":"Katharina Henkel","@id":"https:\/\/www.vmv-mbh.de\/#\/schema\/person\/2cfafd86deaee1c537177c43b9314933"},"headline":"Neue barrierefreie Bahnstation \u201eSchwerin Industriepark\u201c feierlich er\u00f6ffnet","datePublished":"2025-01-06T13:00:18+00:00","dateModified":"2025-01-07T08:55:37+00:00","mainEntityOfPage":{"@id":"https:\/\/www.vmv-mbh.de\/inbetriebnahme-der-neuen-bahnstation-schwerin-industriepark\/"},"wordCount":476,"publisher":{"@id":"https:\/\/www.vmv-mbh.de\/#organization"},"image":{"@id":"https:\/\/www.vmv-mbh.de\/inbetriebnahme-der-neuen-bahnstation-schwerin-industriepark\/#primaryimage"},"thumbnailUrl":"https:\/\/www.vmv-mbh.de\/wp-content\/uploads\/DSC00598-scaled-e1736240067287.jpg","keywords":["Schwerin Industriepark","Inbetriebnahme","06.01.2025","Land Mecklenburg-Vorpommern","Landeshauptstadt Schwerin"],"articleSection":["Allgemein"],"inLanguage":"en-GB"},{"@type":"WebPage","@id":"https:\/\/www.vmv-mbh.de\/inbetriebnahme-der-neuen-bahnstation-schwerin-industriepark\/","url":"https:\/\/www.vmv-mbh.de\/inbetriebnahme-der-neuen-bahnstation-schwerin-industriepark\/","name":"Neue barrierefreie Bahnstation \u201eSchwerin Industriepark\u201c feierlich er\u00f6ffnet - VMV-Verkehrsgesellschaft Mecklenburg-Vorpommern","isPartOf":{"@id":"https:\/\/www.vmv-mbh.de\/#website"},"primaryImageOfPage":{"@id":"https:\/\/www.vmv-mbh.de\/inbetriebnahme-der-neuen-bahnstation-schwerin-industriepark\/#primaryimage"},"image":{"@id":"https:\/\/www.vmv-mbh.de\/inbetriebnahme-der-neuen-bahnstation-schwerin-industriepark\/#primaryimage"},"thumbnailUrl":"https:\/\/www.vmv-mbh.de\/wp-content\/uploads\/DSC00598-scaled-e1736240067287.jpg","datePublished":"2025-01-06T13:00:18+00:00","dateModified":"2025-01-07T08:55:37+00:00","description":"Neue barrierefreie Bahnstation \u201eSchwerin Industriepark\u201c feierlich er\u00f6ffnet","breadcrumb":{"@id":"https:\/\/www.vmv-mbh.de\/inbetriebnahme-der-neuen-bahnstation-schwerin-industriepark\/#breadcrumb"},"inLanguage":"en-GB","potentialAction":[{"@type":"ReadAction","target":["https:\/\/www.vmv-mbh.de\/inbetriebnahme-der-neuen-bahnstation-schwerin-industriepark\/"]}]},{"@type":"ImageObject","inLanguage":"en-GB","@id":"https:\/\/www.vmv-mbh.de\/inbetriebnahme-der-neuen-bahnstation-schwerin-industriepark\/#primaryimage","url":"https:\/\/www.vmv-mbh.de\/wp-content\/uploads\/DSC00598-scaled-e1736240067287.jpg","contentUrl":"https:\/\/www.vmv-mbh.de\/wp-content\/uploads\/DSC00598-scaled-e1736240067287.jpg","width":1700,"height":1134},{"@type":"BreadcrumbList","@id":"https:\/\/www.vmv-mbh.de\/inbetriebnahme-der-neuen-bahnstation-schwerin-industriepark\/#breadcrumb","itemListElement":[{"@type":"ListItem","position":1,"name":"Startseite","item":"https:\/\/www.vmv-mbh.de\/"},{"@type":"ListItem","position":2,"name":"Neue barrierefreie Bahnstation \u201eSchwerin Industriepark\u201c feierlich er\u00f6ffnet"}]},{"@type":"WebSite","@id":"https:\/\/www.vmv-mbh.de\/#website","url":"https:\/\/www.vmv-mbh.de\/","name":"VMV Transport Company Mecklenburg-Western Pomerania","description":"VMV - Verkehrsgesellschaft M-V","publisher":{"@id":"https:\/\/www.vmv-mbh.de\/#organization"},"potentialAction":[{"@type":"SearchAction","target":{"@type":"EntryPoint","urlTemplate":"https:\/\/www.vmv-mbh.de\/?s={search_term_string}"},"query-input":{"@type":"PropertyValueSpecification","valueRequired":true,"valueName":"search_term_string"}}],"inLanguage":"en-GB"},{"@type":"Organization","@id":"https:\/\/www.vmv-mbh.de\/#organization","name":"VMV - Verkehrsgesellschaft Mecklenburg-Vorpommern mbH","url":"https:\/\/www.vmv-mbh.de\/","logo":{"@type":"ImageObject","inLanguage":"en-GB","@id":"https:\/\/www.vmv-mbh.de\/#\/schema\/logo\/image\/","url":"https:\/\/www.vmv-mbh.de\/wp-content\/uploads\/brand-vmv-vmv-logo-quer-inv.png","contentUrl":"https:\/\/www.vmv-mbh.de\/wp-content\/uploads\/brand-vmv-vmv-logo-quer-inv.png","width":384,"height":64,"caption":"VMV \u2013 Verkehrsgesellschaft Mecklenburg-Vorpommern mbH"},"image":{"@id":"https:\/\/www.vmv-mbh.de\/#\/schema\/logo\/image\/"}},{"@type":"Person","@id":"https:\/\/www.vmv-mbh.de\/#\/schema\/person\/2cfafd86deaee1c537177c43b9314933","name":"Katharina Henkel","image":{"@type":"ImageObject","inLanguage":"en-GB","@id":"https:\/\/secure.gravatar.com\/avatar\/b93e9f247cea2317b341cba121c5ed6a4745d9d131daf85983e78af1dab7631d?s=96&d=mm&r=g","url":"https:\/\/secure.gravatar.com\/avatar\/b93e9f247cea2317b341cba121c5ed6a4745d9d131daf85983e78af1dab7631d?s=96&d=mm&r=g","contentUrl":"https:\/\/secure.gravatar.com\/avatar\/b93e9f247cea2317b341cba121c5ed6a4745d9d131daf85983e78af1dab7631d?s=96&d=mm&r=g","caption":"Katharina Henkel"},"url":"https:\/\/www.vmv-mbh.de\/en\/author\/katharina-henkel\/"}]}},"_links":{"self":[{"href":"https:\/\/www.vmv-mbh.de\/en\/wp-json\/wp\/v2\/posts\/3248","targetHints":{"allow":["GET"]}}],"collection":[{"href":"https:\/\/www.vmv-mbh.de\/en\/wp-json\/wp\/v2\/posts"}],"about":[{"href":"https:\/\/www.vmv-mbh.de\/en\/wp-json\/wp\/v2\/types\/post"}],"author":[{"embeddable":true,"href":"https:\/\/www.vmv-mbh.de\/en\/wp-json\/wp\/v2\/users\/7"}],"replies":[{"embeddable":true,"href":"https:\/\/www.vmv-mbh.de\/en\/wp-json\/wp\/v2\/comments?post=3248"}],"version-history":[{"count":0,"href":"https:\/\/www.vmv-mbh.de\/en\/wp-json\/wp\/v2\/posts\/3248\/revisions"}],"wp:featuredmedia":[{"embeddable":true,"href":"https:\/\/www.vmv-mbh.de\/en\/wp-json\/wp\/v2\/media\/3252"}],"wp:attachment":[{"href":"https:\/\/www.vmv-mbh.de\/en\/wp-json\/wp\/v2\/media?parent=3248"}],"wp:term":[{"taxonomy":"category","embeddable":true,"href":"https:\/\/www.vmv-mbh.de\/en\/wp-json\/wp\/v2\/categories?post=3248"},{"taxonomy":"post_tag","embeddable":true,"href":"https:\/\/www.vmv-mbh.de\/en\/wp-json\/wp\/v2\/tags?post=3248"}],"curies":[{"name":"wp","href":"https:\/\/api.w.org\/{rel}","templated":true}]}}