{"id":3321,"date":"2025-01-23T10:33:25","date_gmt":"2025-01-23T09:33:25","guid":{"rendered":"https:\/\/www.vmv-mbh.de\/?p=3321"},"modified":"2025-01-23T10:34:42","modified_gmt":"2025-01-23T09:34:42","slug":"verlaengerung-des-sevs-rund-um-neubrandenburg","status":"publish","type":"post","link":"https:\/\/www.vmv-mbh.de\/en\/verlaengerung-des-sevs-rund-um-neubrandenburg\/","title":{"rendered":"Verl\u00e4ngerung des SEVs rund um Neubrandenburg"},"content":{"rendered":"<p>Bereits seit dem 25. M\u00e4rz 2024 ist Neubrandenburg nicht mit dem Schienenpersonennahverkehr (SPNV) erreichbar. Derzeit beginnen und enden die Z\u00fcge der Linie RE4 in Stavenhagen bzw. Oertzenhof, die Z\u00fcge der RE5 beginnen und enden derzeit in Neustrelitz bzw. Demmin. Zur Fahrt von und nach Neubrandenburg, aber auch zur Fahrt beispielsweise zwischen G\u00fcstrow und Pasewalk oder Neustrelitz und Stralsund muss in die Busse des Schienenersatzverkehrs umgestiegen werden.<\/p>\n<p>Die Dauer der Sperrung wurde von der DB InfraGO mehrfach verl\u00e4ngert. Leider wird der bislang f\u00fcr die Wiederaufnahme des Schienenverkehrs in Neubrandenburg im Raum stehende Termin erneut nicht eingehalten. Der Bahnhof Neubrandenburg bleibt \u00fcber dem 28. Februar 2025 hinaus einen weiteren Monat gesperrt. Nach Aussage der DB InfraGO soll der Schienenverkehr in Neubrandenburg nunmehr am 01. April 2025 wieder aufgenommen werden.<\/p>\n<p>Die erneute Verschiebung der Inbetriebnahme des Bahnhofes Neubrandenburg hat Folgen weit \u00fcber die Region hinaus. Da seit dem 20. Januar 2025 auch die Werkstatt der DB Regio AG in Neubrandenburg nicht mehr angefahren werden kann, muss auf der Linie RE4 der Anteil von Z\u00fcgen, die als so genannte Doppeltraktionen fahren (mit zwei Triebwagen statt mit einem Triebwagen) vermindert werden. Dadurch verkleinert sich das Platzangebot der RE4 zwischen L\u00fcbeck, Bad Kleinen und Stavenhagen deutlich.<\/p>\n<p>Die VMV bedauert die durch die DB InfraGo verursachte Verl\u00e4ngerung des SEVs und die erneute Verschiebung der Inbetriebnahme des Bahnhofes. Die DB InfraGo ist von der VMV-Verkehrsgesellschaft Mecklenburg-Vorpommern mbH aufgefordert worden planbar einen verl\u00e4sslichen und z\u00fcgigen Abschluss der Bauarbeiten zu gew\u00e4hrleisten.<\/p>","protected":false},"excerpt":{"rendered":"<p>Bereits seit dem 25. M\u00e4rz 2024 ist Neubrandenburg nicht mit dem Schienenpersonennahverkehr (SPNV) erreichbar. Derzeit beginnen und enden die Z\u00fcge der Linie RE4 in Stavenhagen bzw. Oertzenhof, die Z\u00fcge der RE5 beginnen und enden derzeit in Neustrelitz bzw. Demmin. Zur Fahrt von und nach Neubrandenburg, aber auch zur Fahrt beispielsweise zwischen G\u00fcstrow und Pasewalk oder&hellip;<\/p>","protected":false},"author":7,"featured_media":3322,"comment_status":"closed","ping_status":"closed","sticky":false,"template":"","format":"standard","meta":{"_acf_changed":false,"footnotes":""},"categories":[1],"tags":[283,281,282,276,244,51],"class_list":["post-3321","post","type-post","status-publish","format-standard","has-post-thumbnail","hentry","category-allgemein","tag-re5","tag-sev","tag-neubrandenburg","tag-inbetriebnahme","tag-re4","tag-bahnhof"],"acf":[],"yoast_head":"<!-- This site is optimized with the Yoast SEO plugin v27.4 - https:\/\/yoast.com\/product\/yoast-seo-wordpress\/ -->\n<title>Verl\u00e4ngerung des SEVs rund um Neubrandenburg - VMV-Verkehrsgesellschaft Mecklenburg-Vorpommern<\/title>\n<meta name=\"description\" content=\"Verl\u00e4ngerung des SEVs rund um Neubrandenburg\" \/>\n<meta name=\"robots\" content=\"index, follow, max-snippet:-1, max-image-preview:large, max-video-preview:-1\" \/>\n<link rel=\"canonical\" href=\"https:\/\/www.vmv-mbh.de\/en\/verlaengerung-des-sevs-rund-um-neubrandenburg\/\" \/>\n<meta property=\"og:locale\" content=\"en_GB\" \/>\n<meta property=\"og:type\" content=\"article\" \/>\n<meta property=\"og:title\" content=\"Verl\u00e4ngerung des SEVs rund um Neubrandenburg - VMV-Verkehrsgesellschaft Mecklenburg-Vorpommern\" \/>\n<meta property=\"og:description\" content=\"Verl\u00e4ngerung des SEVs rund um Neubrandenburg\" \/>\n<meta property=\"og:url\" content=\"https:\/\/www.vmv-mbh.de\/en\/verlaengerung-des-sevs-rund-um-neubrandenburg\/\" \/>\n<meta property=\"og:site_name\" content=\"VMV-Verkehrsgesellschaft Mecklenburg-Vorpommern\" \/>\n<meta property=\"article:published_time\" content=\"2025-01-23T09:33:25+00:00\" \/>\n<meta property=\"article:modified_time\" content=\"2025-01-23T09:34:42+00:00\" \/>\n<meta property=\"og:image\" content=\"https:\/\/www.vmv-mbh.de\/wp-content\/uploads\/Bahnhof-Neubrandenburg-scaled.jpg\" \/>\n\t<meta property=\"og:image:width\" content=\"2560\" \/>\n\t<meta property=\"og:image:height\" content=\"1920\" \/>\n\t<meta property=\"og:image:type\" content=\"image\/jpeg\" \/>\n<meta name=\"author\" content=\"Katharina Henkel\" \/>\n<meta name=\"twitter:card\" content=\"summary_large_image\" \/>\n<meta name=\"twitter:label1\" content=\"Written by\" \/>\n\t<meta name=\"twitter:data1\" content=\"Katharina Henkel\" \/>\n\t<meta name=\"twitter:label2\" content=\"Estimated reading time\" \/>\n\t<meta name=\"twitter:data2\" content=\"2 minutes\" \/>\n<script type=\"application\/ld+json\" class=\"yoast-schema-graph\">{\"@context\":\"https:\\\/\\\/schema.org\",\"@graph\":[{\"@type\":\"Article\",\"@id\":\"https:\\\/\\\/www.vmv-mbh.de\\\/verlaengerung-des-sevs-rund-um-neubrandenburg\\\/#article\",\"isPartOf\":{\"@id\":\"https:\\\/\\\/www.vmv-mbh.de\\\/verlaengerung-des-sevs-rund-um-neubrandenburg\\\/\"},\"author\":{\"name\":\"Katharina Henkel\",\"@id\":\"https:\\\/\\\/www.vmv-mbh.de\\\/#\\\/schema\\\/person\\\/2cfafd86deaee1c537177c43b9314933\"},\"headline\":\"Verl\u00e4ngerung des SEVs rund um Neubrandenburg\",\"datePublished\":\"2025-01-23T09:33:25+00:00\",\"dateModified\":\"2025-01-23T09:34:42+00:00\",\"mainEntityOfPage\":{\"@id\":\"https:\\\/\\\/www.vmv-mbh.de\\\/verlaengerung-des-sevs-rund-um-neubrandenburg\\\/\"},\"wordCount\":252,\"publisher\":{\"@id\":\"https:\\\/\\\/www.vmv-mbh.de\\\/#organization\"},\"image\":{\"@id\":\"https:\\\/\\\/www.vmv-mbh.de\\\/verlaengerung-des-sevs-rund-um-neubrandenburg\\\/#primaryimage\"},\"thumbnailUrl\":\"https:\\\/\\\/www.vmv-mbh.de\\\/wp-content\\\/uploads\\\/Bahnhof-Neubrandenburg-scaled.jpg\",\"keywords\":[\"RE5\",\"SEV\",\"Neubrandenburg\",\"Inbetriebnahme\",\"RE4\",\"Bahnhof\"],\"articleSection\":[\"Allgemein\"],\"inLanguage\":\"en-GB\"},{\"@type\":\"WebPage\",\"@id\":\"https:\\\/\\\/www.vmv-mbh.de\\\/verlaengerung-des-sevs-rund-um-neubrandenburg\\\/\",\"url\":\"https:\\\/\\\/www.vmv-mbh.de\\\/verlaengerung-des-sevs-rund-um-neubrandenburg\\\/\",\"name\":\"Verl\u00e4ngerung des SEVs rund um Neubrandenburg - VMV-Verkehrsgesellschaft Mecklenburg-Vorpommern\",\"isPartOf\":{\"@id\":\"https:\\\/\\\/www.vmv-mbh.de\\\/#website\"},\"primaryImageOfPage\":{\"@id\":\"https:\\\/\\\/www.vmv-mbh.de\\\/verlaengerung-des-sevs-rund-um-neubrandenburg\\\/#primaryimage\"},\"image\":{\"@id\":\"https:\\\/\\\/www.vmv-mbh.de\\\/verlaengerung-des-sevs-rund-um-neubrandenburg\\\/#primaryimage\"},\"thumbnailUrl\":\"https:\\\/\\\/www.vmv-mbh.de\\\/wp-content\\\/uploads\\\/Bahnhof-Neubrandenburg-scaled.jpg\",\"datePublished\":\"2025-01-23T09:33:25+00:00\",\"dateModified\":\"2025-01-23T09:34:42+00:00\",\"description\":\"Verl\u00e4ngerung des SEVs rund um Neubrandenburg\",\"breadcrumb\":{\"@id\":\"https:\\\/\\\/www.vmv-mbh.de\\\/verlaengerung-des-sevs-rund-um-neubrandenburg\\\/#breadcrumb\"},\"inLanguage\":\"en-GB\",\"potentialAction\":[{\"@type\":\"ReadAction\",\"target\":[\"https:\\\/\\\/www.vmv-mbh.de\\\/verlaengerung-des-sevs-rund-um-neubrandenburg\\\/\"]}]},{\"@type\":\"ImageObject\",\"inLanguage\":\"en-GB\",\"@id\":\"https:\\\/\\\/www.vmv-mbh.de\\\/verlaengerung-des-sevs-rund-um-neubrandenburg\\\/#primaryimage\",\"url\":\"https:\\\/\\\/www.vmv-mbh.de\\\/wp-content\\\/uploads\\\/Bahnhof-Neubrandenburg-scaled.jpg\",\"contentUrl\":\"https:\\\/\\\/www.vmv-mbh.de\\\/wp-content\\\/uploads\\\/Bahnhof-Neubrandenburg-scaled.jpg\",\"width\":2560,\"height\":1920},{\"@type\":\"BreadcrumbList\",\"@id\":\"https:\\\/\\\/www.vmv-mbh.de\\\/verlaengerung-des-sevs-rund-um-neubrandenburg\\\/#breadcrumb\",\"itemListElement\":[{\"@type\":\"ListItem\",\"position\":1,\"name\":\"Startseite\",\"item\":\"https:\\\/\\\/www.vmv-mbh.de\\\/\"},{\"@type\":\"ListItem\",\"position\":2,\"name\":\"Verl\u00e4ngerung des SEVs rund um Neubrandenburg\"}]},{\"@type\":\"WebSite\",\"@id\":\"https:\\\/\\\/www.vmv-mbh.de\\\/#website\",\"url\":\"https:\\\/\\\/www.vmv-mbh.de\\\/\",\"name\":\"VMV-Verkehrsgesellschaft Mecklenburg-Vorpommern\",\"description\":\"VMV \u2013 Verkehrsgesellschaft M-V\",\"publisher\":{\"@id\":\"https:\\\/\\\/www.vmv-mbh.de\\\/#organization\"},\"potentialAction\":[{\"@type\":\"SearchAction\",\"target\":{\"@type\":\"EntryPoint\",\"urlTemplate\":\"https:\\\/\\\/www.vmv-mbh.de\\\/?s={search_term_string}\"},\"query-input\":{\"@type\":\"PropertyValueSpecification\",\"valueRequired\":true,\"valueName\":\"search_term_string\"}}],\"inLanguage\":\"en-GB\"},{\"@type\":\"Organization\",\"@id\":\"https:\\\/\\\/www.vmv-mbh.de\\\/#organization\",\"name\":\"VMV \u2013 Verkehrsgesellschaft Mecklenburg-Vorpommern mbH\",\"url\":\"https:\\\/\\\/www.vmv-mbh.de\\\/\",\"logo\":{\"@type\":\"ImageObject\",\"inLanguage\":\"en-GB\",\"@id\":\"https:\\\/\\\/www.vmv-mbh.de\\\/#\\\/schema\\\/logo\\\/image\\\/\",\"url\":\"https:\\\/\\\/www.vmv-mbh.de\\\/wp-content\\\/uploads\\\/brand-vmv-vmv-logo-quer-inv.png\",\"contentUrl\":\"https:\\\/\\\/www.vmv-mbh.de\\\/wp-content\\\/uploads\\\/brand-vmv-vmv-logo-quer-inv.png\",\"width\":384,\"height\":64,\"caption\":\"VMV \u2013 Verkehrsgesellschaft Mecklenburg-Vorpommern mbH\"},\"image\":{\"@id\":\"https:\\\/\\\/www.vmv-mbh.de\\\/#\\\/schema\\\/logo\\\/image\\\/\"}},{\"@type\":\"Person\",\"@id\":\"https:\\\/\\\/www.vmv-mbh.de\\\/#\\\/schema\\\/person\\\/2cfafd86deaee1c537177c43b9314933\",\"name\":\"Katharina Henkel\",\"image\":{\"@type\":\"ImageObject\",\"inLanguage\":\"en-GB\",\"@id\":\"https:\\\/\\\/secure.gravatar.com\\\/avatar\\\/b93e9f247cea2317b341cba121c5ed6a4745d9d131daf85983e78af1dab7631d?s=96&d=mm&r=g\",\"url\":\"https:\\\/\\\/secure.gravatar.com\\\/avatar\\\/b93e9f247cea2317b341cba121c5ed6a4745d9d131daf85983e78af1dab7631d?s=96&d=mm&r=g\",\"contentUrl\":\"https:\\\/\\\/secure.gravatar.com\\\/avatar\\\/b93e9f247cea2317b341cba121c5ed6a4745d9d131daf85983e78af1dab7631d?s=96&d=mm&r=g\",\"caption\":\"Katharina Henkel\"},\"url\":\"https:\\\/\\\/www.vmv-mbh.de\\\/en\\\/author\\\/katharina-henkel\\\/\"}]}<\/script>\n<!-- \/ Yoast SEO plugin. -->","yoast_head_json":{"title":"Verl\u00e4ngerung des SEVs rund um Neubrandenburg - VMV-Verkehrsgesellschaft Mecklenburg-Vorpommern","description":"Verl\u00e4ngerung des SEVs rund um Neubrandenburg","robots":{"index":"index","follow":"follow","max-snippet":"max-snippet:-1","max-image-preview":"max-image-preview:large","max-video-preview":"max-video-preview:-1"},"canonical":"https:\/\/www.vmv-mbh.de\/en\/verlaengerung-des-sevs-rund-um-neubrandenburg\/","og_locale":"en_GB","og_type":"article","og_title":"Verl\u00e4ngerung des SEVs rund um Neubrandenburg - VMV-Verkehrsgesellschaft Mecklenburg-Vorpommern","og_description":"Verl\u00e4ngerung des SEVs rund um Neubrandenburg","og_url":"https:\/\/www.vmv-mbh.de\/en\/verlaengerung-des-sevs-rund-um-neubrandenburg\/","og_site_name":"VMV-Verkehrsgesellschaft Mecklenburg-Vorpommern","article_published_time":"2025-01-23T09:33:25+00:00","article_modified_time":"2025-01-23T09:34:42+00:00","og_image":[{"width":2560,"height":1920,"url":"https:\/\/www.vmv-mbh.de\/wp-content\/uploads\/Bahnhof-Neubrandenburg-scaled.jpg","type":"image\/jpeg"}],"author":"Katharina Henkel","twitter_card":"summary_large_image","twitter_misc":{"Written by":"Katharina Henkel","Estimated reading time":"2 minutes"},"schema":{"@context":"https:\/\/schema.org","@graph":[{"@type":"Article","@id":"https:\/\/www.vmv-mbh.de\/verlaengerung-des-sevs-rund-um-neubrandenburg\/#article","isPartOf":{"@id":"https:\/\/www.vmv-mbh.de\/verlaengerung-des-sevs-rund-um-neubrandenburg\/"},"author":{"name":"Katharina Henkel","@id":"https:\/\/www.vmv-mbh.de\/#\/schema\/person\/2cfafd86deaee1c537177c43b9314933"},"headline":"Verl\u00e4ngerung des SEVs rund um Neubrandenburg","datePublished":"2025-01-23T09:33:25+00:00","dateModified":"2025-01-23T09:34:42+00:00","mainEntityOfPage":{"@id":"https:\/\/www.vmv-mbh.de\/verlaengerung-des-sevs-rund-um-neubrandenburg\/"},"wordCount":252,"publisher":{"@id":"https:\/\/www.vmv-mbh.de\/#organization"},"image":{"@id":"https:\/\/www.vmv-mbh.de\/verlaengerung-des-sevs-rund-um-neubrandenburg\/#primaryimage"},"thumbnailUrl":"https:\/\/www.vmv-mbh.de\/wp-content\/uploads\/Bahnhof-Neubrandenburg-scaled.jpg","keywords":["RE5","SEV","Neubrandenburg","Inbetriebnahme","RE4","Bahnhof"],"articleSection":["Allgemein"],"inLanguage":"en-GB"},{"@type":"WebPage","@id":"https:\/\/www.vmv-mbh.de\/verlaengerung-des-sevs-rund-um-neubrandenburg\/","url":"https:\/\/www.vmv-mbh.de\/verlaengerung-des-sevs-rund-um-neubrandenburg\/","name":"Verl\u00e4ngerung des SEVs rund um Neubrandenburg - VMV-Verkehrsgesellschaft Mecklenburg-Vorpommern","isPartOf":{"@id":"https:\/\/www.vmv-mbh.de\/#website"},"primaryImageOfPage":{"@id":"https:\/\/www.vmv-mbh.de\/verlaengerung-des-sevs-rund-um-neubrandenburg\/#primaryimage"},"image":{"@id":"https:\/\/www.vmv-mbh.de\/verlaengerung-des-sevs-rund-um-neubrandenburg\/#primaryimage"},"thumbnailUrl":"https:\/\/www.vmv-mbh.de\/wp-content\/uploads\/Bahnhof-Neubrandenburg-scaled.jpg","datePublished":"2025-01-23T09:33:25+00:00","dateModified":"2025-01-23T09:34:42+00:00","description":"Verl\u00e4ngerung des SEVs rund um Neubrandenburg","breadcrumb":{"@id":"https:\/\/www.vmv-mbh.de\/verlaengerung-des-sevs-rund-um-neubrandenburg\/#breadcrumb"},"inLanguage":"en-GB","potentialAction":[{"@type":"ReadAction","target":["https:\/\/www.vmv-mbh.de\/verlaengerung-des-sevs-rund-um-neubrandenburg\/"]}]},{"@type":"ImageObject","inLanguage":"en-GB","@id":"https:\/\/www.vmv-mbh.de\/verlaengerung-des-sevs-rund-um-neubrandenburg\/#primaryimage","url":"https:\/\/www.vmv-mbh.de\/wp-content\/uploads\/Bahnhof-Neubrandenburg-scaled.jpg","contentUrl":"https:\/\/www.vmv-mbh.de\/wp-content\/uploads\/Bahnhof-Neubrandenburg-scaled.jpg","width":2560,"height":1920},{"@type":"BreadcrumbList","@id":"https:\/\/www.vmv-mbh.de\/verlaengerung-des-sevs-rund-um-neubrandenburg\/#breadcrumb","itemListElement":[{"@type":"ListItem","position":1,"name":"Startseite","item":"https:\/\/www.vmv-mbh.de\/"},{"@type":"ListItem","position":2,"name":"Verl\u00e4ngerung des SEVs rund um Neubrandenburg"}]},{"@type":"WebSite","@id":"https:\/\/www.vmv-mbh.de\/#website","url":"https:\/\/www.vmv-mbh.de\/","name":"VMV Transport Company Mecklenburg-Western Pomerania","description":"VMV - Verkehrsgesellschaft M-V","publisher":{"@id":"https:\/\/www.vmv-mbh.de\/#organization"},"potentialAction":[{"@type":"SearchAction","target":{"@type":"EntryPoint","urlTemplate":"https:\/\/www.vmv-mbh.de\/?s={search_term_string}"},"query-input":{"@type":"PropertyValueSpecification","valueRequired":true,"valueName":"search_term_string"}}],"inLanguage":"en-GB"},{"@type":"Organization","@id":"https:\/\/www.vmv-mbh.de\/#organization","name":"VMV - Verkehrsgesellschaft Mecklenburg-Vorpommern mbH","url":"https:\/\/www.vmv-mbh.de\/","logo":{"@type":"ImageObject","inLanguage":"en-GB","@id":"https:\/\/www.vmv-mbh.de\/#\/schema\/logo\/image\/","url":"https:\/\/www.vmv-mbh.de\/wp-content\/uploads\/brand-vmv-vmv-logo-quer-inv.png","contentUrl":"https:\/\/www.vmv-mbh.de\/wp-content\/uploads\/brand-vmv-vmv-logo-quer-inv.png","width":384,"height":64,"caption":"VMV \u2013 Verkehrsgesellschaft Mecklenburg-Vorpommern mbH"},"image":{"@id":"https:\/\/www.vmv-mbh.de\/#\/schema\/logo\/image\/"}},{"@type":"Person","@id":"https:\/\/www.vmv-mbh.de\/#\/schema\/person\/2cfafd86deaee1c537177c43b9314933","name":"Katharina Henkel","image":{"@type":"ImageObject","inLanguage":"en-GB","@id":"https:\/\/secure.gravatar.com\/avatar\/b93e9f247cea2317b341cba121c5ed6a4745d9d131daf85983e78af1dab7631d?s=96&d=mm&r=g","url":"https:\/\/secure.gravatar.com\/avatar\/b93e9f247cea2317b341cba121c5ed6a4745d9d131daf85983e78af1dab7631d?s=96&d=mm&r=g","contentUrl":"https:\/\/secure.gravatar.com\/avatar\/b93e9f247cea2317b341cba121c5ed6a4745d9d131daf85983e78af1dab7631d?s=96&d=mm&r=g","caption":"Katharina Henkel"},"url":"https:\/\/www.vmv-mbh.de\/en\/author\/katharina-henkel\/"}]}},"_links":{"self":[{"href":"https:\/\/www.vmv-mbh.de\/en\/wp-json\/wp\/v2\/posts\/3321","targetHints":{"allow":["GET"]}}],"collection":[{"href":"https:\/\/www.vmv-mbh.de\/en\/wp-json\/wp\/v2\/posts"}],"about":[{"href":"https:\/\/www.vmv-mbh.de\/en\/wp-json\/wp\/v2\/types\/post"}],"author":[{"embeddable":true,"href":"https:\/\/www.vmv-mbh.de\/en\/wp-json\/wp\/v2\/users\/7"}],"replies":[{"embeddable":true,"href":"https:\/\/www.vmv-mbh.de\/en\/wp-json\/wp\/v2\/comments?post=3321"}],"version-history":[{"count":0,"href":"https:\/\/www.vmv-mbh.de\/en\/wp-json\/wp\/v2\/posts\/3321\/revisions"}],"wp:featuredmedia":[{"embeddable":true,"href":"https:\/\/www.vmv-mbh.de\/en\/wp-json\/wp\/v2\/media\/3322"}],"wp:attachment":[{"href":"https:\/\/www.vmv-mbh.de\/en\/wp-json\/wp\/v2\/media?parent=3321"}],"wp:term":[{"taxonomy":"category","embeddable":true,"href":"https:\/\/www.vmv-mbh.de\/en\/wp-json\/wp\/v2\/categories?post=3321"},{"taxonomy":"post_tag","embeddable":true,"href":"https:\/\/www.vmv-mbh.de\/en\/wp-json\/wp\/v2\/tags?post=3321"}],"curies":[{"name":"wp","href":"https:\/\/api.w.org\/{rel}","templated":true}]}}