{"id":3340,"date":"2025-02-25T11:43:19","date_gmt":"2025-02-25T10:43:19","guid":{"rendered":"https:\/\/www.vmv-mbh.de\/?p=3340"},"modified":"2025-03-06T14:34:20","modified_gmt":"2025-03-06T13:34:20","slug":"baumassnahmen-auf-rostocker-s-bahn-linien","status":"publish","type":"post","link":"https:\/\/www.vmv-mbh.de\/en\/baumassnahmen-auf-rostocker-s-bahn-linien\/","title":{"rendered":"Bauma\u00dfnahmen auf Rostocker S-Bahn Linien"},"content":{"rendered":"<p>Die Rostocker S-Bahn wird von der DB InfraGO im Fr\u00fchjahr ein weiteres Mal gesperrt. Aufmerksamen Fahrg\u00e4sten ist vielleicht aufgefallen, dass 2024 im Bereich der Station Bramow Weichen und Gleise erneuert und neue Signale aufgestellt wurden. In Betrieb genommen wurden die neuen Signale w\u00e4hrend der letzten Vollsperrung im vergangenen Jahr durch die DB InfraGO allerdings nicht. Die Inbetriebnahme der Signale soll nun in einer weiteren zwei Wochen w\u00e4hrenden Vollsperrung nachgeholt werden.<\/p>\n<p>Im Zeitraum vom <strong>07. M\u00e4rz 2025, 04:00 Uhr bis zum 21. M\u00e4rz 2025, 01:00<\/strong> kann die Stammstrecke der S-Bahn zwischen Rostock Hbf und Warnem\u00fcnde daher nicht von Z\u00fcgen befahren werden. F\u00fcr die S-Bahn wird Schienenersatzverkehr mit Bussen eingerichtet.<\/p>\n<p>Die VMV bedauert die durch die DB InfraGO verursachte erneute Vollsperrung der Rostocker S-Bahn und die dadurch entstehenden Erschwernisse f\u00fcr B\u00fcrger und G\u00e4ste der Hansestadt Rostock.<\/p>\n<p><strong>Ausblick:<\/strong><\/p>\n<p>Weitere gravierende Einschr\u00e4nkungen f\u00fcr die Rostocker S-Bahn stehen von Fr\u00fchjahr bis Herbst dieses Jahres ins Haus. Im Zeitraum vom <strong>29. April 2025 bis zum 29. Oktober 2025<\/strong> kann wiederum aufgrund von Bauarbeiten der DB InfraGO auf der Stammstrecke der S-Bahn zwischen Rostock Hbf und Warnem\u00fcnde nur ein Halbstundentakt angeboten werden. Es ist vorgesehen, die S-Bahn weit \u00fcberwiegend in Doppeltraktion zu fahren, so dass je Zug die doppelte Platzkapazit\u00e4t zur Verf\u00fcgung steht. Die durchgehenden Verbindungen der Linien S2 und S3 zwischen G\u00fcstrow \u00fcber Schwaan (S2) bzw. Laage (S3) und Warnem\u00fcnde k\u00f6nnen nicht angeboten werden. Im Rostocker Hauptbahnhof wird w\u00e4hrend des genannten Zeitraumes generell Umsteigen erforderlich sein. F\u00fcr den Zeitraum der HanseSail sollen die Bauarbeiten unterbrochen werden, so dass der gewohnte dichte Takt der S-Bahn angeboten werden kann.<\/p>","protected":false},"excerpt":{"rendered":"<p>Die Rostocker S-Bahn wird von der DB InfraGO im Fr\u00fchjahr ein weiteres Mal gesperrt. Aufmerksamen Fahrg\u00e4sten ist vielleicht aufgefallen, dass 2024 im Bereich der Station Bramow Weichen und Gleise erneuert und neue Signale aufgestellt wurden. In Betrieb genommen wurden die neuen Signale w\u00e4hrend der letzten Vollsperrung im vergangenen Jahr durch die DB InfraGO allerdings nicht.&hellip;<\/p>","protected":false},"author":7,"featured_media":593,"comment_status":"closed","ping_status":"closed","sticky":false,"template":"","format":"standard","meta":{"_acf_changed":false,"footnotes":""},"categories":[1],"tags":[290,291,281,91],"class_list":["post-3340","post","type-post","status-publish","format-standard","has-post-thumbnail","hentry","category-allgemein","tag-baumassnahmen","tag-rostocker-s-bahn-linien","tag-sev","tag-rostock"],"acf":[],"yoast_head":"<!-- This site is optimized with the Yoast SEO plugin v27.4 - https:\/\/yoast.com\/product\/yoast-seo-wordpress\/ -->\n<title>Bauma\u00dfnahmen auf Rostocker S-Bahn Linien - VMV-Verkehrsgesellschaft Mecklenburg-Vorpommern<\/title>\n<meta name=\"description\" content=\"Bauma\u00dfnahmen auf Rostocker S-Bahn Linien\" \/>\n<meta name=\"robots\" content=\"index, follow, max-snippet:-1, max-image-preview:large, max-video-preview:-1\" \/>\n<link rel=\"canonical\" href=\"https:\/\/www.vmv-mbh.de\/en\/baumassnahmen-auf-rostocker-s-bahn-linien\/\" \/>\n<meta property=\"og:locale\" content=\"en_GB\" \/>\n<meta property=\"og:type\" content=\"article\" \/>\n<meta property=\"og:title\" content=\"Bauma\u00dfnahmen auf Rostocker S-Bahn Linien - VMV-Verkehrsgesellschaft Mecklenburg-Vorpommern\" \/>\n<meta property=\"og:description\" content=\"Bauma\u00dfnahmen auf Rostocker S-Bahn Linien\" \/>\n<meta property=\"og:url\" content=\"https:\/\/www.vmv-mbh.de\/en\/baumassnahmen-auf-rostocker-s-bahn-linien\/\" \/>\n<meta property=\"og:site_name\" content=\"VMV-Verkehrsgesellschaft Mecklenburg-Vorpommern\" \/>\n<meta property=\"article:published_time\" content=\"2025-02-25T10:43:19+00:00\" \/>\n<meta property=\"article:modified_time\" content=\"2025-03-06T13:34:20+00:00\" \/>\n<meta property=\"og:image\" content=\"https:\/\/www.vmv-mbh.de\/wp-content\/uploads\/S1-scaled.jpg\" \/>\n\t<meta property=\"og:image:width\" content=\"1707\" \/>\n\t<meta property=\"og:image:height\" content=\"2560\" \/>\n\t<meta property=\"og:image:type\" content=\"image\/jpeg\" \/>\n<meta name=\"author\" content=\"Katharina Henkel\" \/>\n<meta name=\"twitter:card\" content=\"summary_large_image\" \/>\n<meta name=\"twitter:label1\" content=\"Written by\" \/>\n\t<meta name=\"twitter:data1\" content=\"Katharina Henkel\" \/>\n\t<meta name=\"twitter:label2\" content=\"Estimated reading time\" \/>\n\t<meta name=\"twitter:data2\" content=\"2 minutes\" \/>\n<script type=\"application\/ld+json\" class=\"yoast-schema-graph\">{\"@context\":\"https:\\\/\\\/schema.org\",\"@graph\":[{\"@type\":\"Article\",\"@id\":\"https:\\\/\\\/www.vmv-mbh.de\\\/baumassnahmen-auf-rostocker-s-bahn-linien\\\/#article\",\"isPartOf\":{\"@id\":\"https:\\\/\\\/www.vmv-mbh.de\\\/baumassnahmen-auf-rostocker-s-bahn-linien\\\/\"},\"author\":{\"name\":\"Katharina Henkel\",\"@id\":\"https:\\\/\\\/www.vmv-mbh.de\\\/#\\\/schema\\\/person\\\/2cfafd86deaee1c537177c43b9314933\"},\"headline\":\"Bauma\u00dfnahmen auf Rostocker S-Bahn Linien\",\"datePublished\":\"2025-02-25T10:43:19+00:00\",\"dateModified\":\"2025-03-06T13:34:20+00:00\",\"mainEntityOfPage\":{\"@id\":\"https:\\\/\\\/www.vmv-mbh.de\\\/baumassnahmen-auf-rostocker-s-bahn-linien\\\/\"},\"wordCount\":279,\"publisher\":{\"@id\":\"https:\\\/\\\/www.vmv-mbh.de\\\/#organization\"},\"image\":{\"@id\":\"https:\\\/\\\/www.vmv-mbh.de\\\/baumassnahmen-auf-rostocker-s-bahn-linien\\\/#primaryimage\"},\"thumbnailUrl\":\"https:\\\/\\\/www.vmv-mbh.de\\\/wp-content\\\/uploads\\\/S1-scaled.jpg\",\"keywords\":[\"Bauma\u00dfnahmen\",\"Rostocker S-Bahn Linien\",\"SEV\",\"Rostock\"],\"articleSection\":[\"Allgemein\"],\"inLanguage\":\"en-GB\"},{\"@type\":\"WebPage\",\"@id\":\"https:\\\/\\\/www.vmv-mbh.de\\\/baumassnahmen-auf-rostocker-s-bahn-linien\\\/\",\"url\":\"https:\\\/\\\/www.vmv-mbh.de\\\/baumassnahmen-auf-rostocker-s-bahn-linien\\\/\",\"name\":\"Bauma\u00dfnahmen auf Rostocker S-Bahn Linien - VMV-Verkehrsgesellschaft Mecklenburg-Vorpommern\",\"isPartOf\":{\"@id\":\"https:\\\/\\\/www.vmv-mbh.de\\\/#website\"},\"primaryImageOfPage\":{\"@id\":\"https:\\\/\\\/www.vmv-mbh.de\\\/baumassnahmen-auf-rostocker-s-bahn-linien\\\/#primaryimage\"},\"image\":{\"@id\":\"https:\\\/\\\/www.vmv-mbh.de\\\/baumassnahmen-auf-rostocker-s-bahn-linien\\\/#primaryimage\"},\"thumbnailUrl\":\"https:\\\/\\\/www.vmv-mbh.de\\\/wp-content\\\/uploads\\\/S1-scaled.jpg\",\"datePublished\":\"2025-02-25T10:43:19+00:00\",\"dateModified\":\"2025-03-06T13:34:20+00:00\",\"description\":\"Bauma\u00dfnahmen auf Rostocker S-Bahn Linien\",\"breadcrumb\":{\"@id\":\"https:\\\/\\\/www.vmv-mbh.de\\\/baumassnahmen-auf-rostocker-s-bahn-linien\\\/#breadcrumb\"},\"inLanguage\":\"en-GB\",\"potentialAction\":[{\"@type\":\"ReadAction\",\"target\":[\"https:\\\/\\\/www.vmv-mbh.de\\\/baumassnahmen-auf-rostocker-s-bahn-linien\\\/\"]}]},{\"@type\":\"ImageObject\",\"inLanguage\":\"en-GB\",\"@id\":\"https:\\\/\\\/www.vmv-mbh.de\\\/baumassnahmen-auf-rostocker-s-bahn-linien\\\/#primaryimage\",\"url\":\"https:\\\/\\\/www.vmv-mbh.de\\\/wp-content\\\/uploads\\\/S1-scaled.jpg\",\"contentUrl\":\"https:\\\/\\\/www.vmv-mbh.de\\\/wp-content\\\/uploads\\\/S1-scaled.jpg\",\"width\":1707,\"height\":2560,\"caption\":\"Rostock-Warnem\u00fcnde Werft, S-Bahn mit D-DB_ET 442 als S1 Warnem\u00fcnde - Rostock Hbf, im Hintergrund Kreuzfahrschiff_\\\"Royal Princess\\\"\"},{\"@type\":\"BreadcrumbList\",\"@id\":\"https:\\\/\\\/www.vmv-mbh.de\\\/baumassnahmen-auf-rostocker-s-bahn-linien\\\/#breadcrumb\",\"itemListElement\":[{\"@type\":\"ListItem\",\"position\":1,\"name\":\"Startseite\",\"item\":\"https:\\\/\\\/www.vmv-mbh.de\\\/\"},{\"@type\":\"ListItem\",\"position\":2,\"name\":\"Bauma\u00dfnahmen auf Rostocker S-Bahn Linien\"}]},{\"@type\":\"WebSite\",\"@id\":\"https:\\\/\\\/www.vmv-mbh.de\\\/#website\",\"url\":\"https:\\\/\\\/www.vmv-mbh.de\\\/\",\"name\":\"VMV-Verkehrsgesellschaft Mecklenburg-Vorpommern\",\"description\":\"VMV \u2013 Verkehrsgesellschaft M-V\",\"publisher\":{\"@id\":\"https:\\\/\\\/www.vmv-mbh.de\\\/#organization\"},\"potentialAction\":[{\"@type\":\"SearchAction\",\"target\":{\"@type\":\"EntryPoint\",\"urlTemplate\":\"https:\\\/\\\/www.vmv-mbh.de\\\/?s={search_term_string}\"},\"query-input\":{\"@type\":\"PropertyValueSpecification\",\"valueRequired\":true,\"valueName\":\"search_term_string\"}}],\"inLanguage\":\"en-GB\"},{\"@type\":\"Organization\",\"@id\":\"https:\\\/\\\/www.vmv-mbh.de\\\/#organization\",\"name\":\"VMV \u2013 Verkehrsgesellschaft Mecklenburg-Vorpommern mbH\",\"url\":\"https:\\\/\\\/www.vmv-mbh.de\\\/\",\"logo\":{\"@type\":\"ImageObject\",\"inLanguage\":\"en-GB\",\"@id\":\"https:\\\/\\\/www.vmv-mbh.de\\\/#\\\/schema\\\/logo\\\/image\\\/\",\"url\":\"https:\\\/\\\/www.vmv-mbh.de\\\/wp-content\\\/uploads\\\/brand-vmv-vmv-logo-quer-inv.png\",\"contentUrl\":\"https:\\\/\\\/www.vmv-mbh.de\\\/wp-content\\\/uploads\\\/brand-vmv-vmv-logo-quer-inv.png\",\"width\":384,\"height\":64,\"caption\":\"VMV \u2013 Verkehrsgesellschaft Mecklenburg-Vorpommern mbH\"},\"image\":{\"@id\":\"https:\\\/\\\/www.vmv-mbh.de\\\/#\\\/schema\\\/logo\\\/image\\\/\"}},{\"@type\":\"Person\",\"@id\":\"https:\\\/\\\/www.vmv-mbh.de\\\/#\\\/schema\\\/person\\\/2cfafd86deaee1c537177c43b9314933\",\"name\":\"Katharina Henkel\",\"image\":{\"@type\":\"ImageObject\",\"inLanguage\":\"en-GB\",\"@id\":\"https:\\\/\\\/secure.gravatar.com\\\/avatar\\\/b93e9f247cea2317b341cba121c5ed6a4745d9d131daf85983e78af1dab7631d?s=96&d=mm&r=g\",\"url\":\"https:\\\/\\\/secure.gravatar.com\\\/avatar\\\/b93e9f247cea2317b341cba121c5ed6a4745d9d131daf85983e78af1dab7631d?s=96&d=mm&r=g\",\"contentUrl\":\"https:\\\/\\\/secure.gravatar.com\\\/avatar\\\/b93e9f247cea2317b341cba121c5ed6a4745d9d131daf85983e78af1dab7631d?s=96&d=mm&r=g\",\"caption\":\"Katharina Henkel\"},\"url\":\"https:\\\/\\\/www.vmv-mbh.de\\\/en\\\/author\\\/katharina-henkel\\\/\"}]}<\/script>\n<!-- \/ Yoast SEO plugin. -->","yoast_head_json":{"title":"Bauma\u00dfnahmen auf Rostocker S-Bahn Linien - VMV-Verkehrsgesellschaft Mecklenburg-Vorpommern","description":"Bauma\u00dfnahmen auf Rostocker S-Bahn Linien","robots":{"index":"index","follow":"follow","max-snippet":"max-snippet:-1","max-image-preview":"max-image-preview:large","max-video-preview":"max-video-preview:-1"},"canonical":"https:\/\/www.vmv-mbh.de\/en\/baumassnahmen-auf-rostocker-s-bahn-linien\/","og_locale":"en_GB","og_type":"article","og_title":"Bauma\u00dfnahmen auf Rostocker S-Bahn Linien - VMV-Verkehrsgesellschaft Mecklenburg-Vorpommern","og_description":"Bauma\u00dfnahmen auf Rostocker S-Bahn Linien","og_url":"https:\/\/www.vmv-mbh.de\/en\/baumassnahmen-auf-rostocker-s-bahn-linien\/","og_site_name":"VMV-Verkehrsgesellschaft Mecklenburg-Vorpommern","article_published_time":"2025-02-25T10:43:19+00:00","article_modified_time":"2025-03-06T13:34:20+00:00","og_image":[{"width":1707,"height":2560,"url":"https:\/\/www.vmv-mbh.de\/wp-content\/uploads\/S1-scaled.jpg","type":"image\/jpeg"}],"author":"Katharina Henkel","twitter_card":"summary_large_image","twitter_misc":{"Written by":"Katharina Henkel","Estimated reading time":"2 minutes"},"schema":{"@context":"https:\/\/schema.org","@graph":[{"@type":"Article","@id":"https:\/\/www.vmv-mbh.de\/baumassnahmen-auf-rostocker-s-bahn-linien\/#article","isPartOf":{"@id":"https:\/\/www.vmv-mbh.de\/baumassnahmen-auf-rostocker-s-bahn-linien\/"},"author":{"name":"Katharina Henkel","@id":"https:\/\/www.vmv-mbh.de\/#\/schema\/person\/2cfafd86deaee1c537177c43b9314933"},"headline":"Bauma\u00dfnahmen auf Rostocker S-Bahn Linien","datePublished":"2025-02-25T10:43:19+00:00","dateModified":"2025-03-06T13:34:20+00:00","mainEntityOfPage":{"@id":"https:\/\/www.vmv-mbh.de\/baumassnahmen-auf-rostocker-s-bahn-linien\/"},"wordCount":279,"publisher":{"@id":"https:\/\/www.vmv-mbh.de\/#organization"},"image":{"@id":"https:\/\/www.vmv-mbh.de\/baumassnahmen-auf-rostocker-s-bahn-linien\/#primaryimage"},"thumbnailUrl":"https:\/\/www.vmv-mbh.de\/wp-content\/uploads\/S1-scaled.jpg","keywords":["Bauma\u00dfnahmen","Rostocker S-Bahn Linien","SEV","Rostock"],"articleSection":["Allgemein"],"inLanguage":"en-GB"},{"@type":"WebPage","@id":"https:\/\/www.vmv-mbh.de\/baumassnahmen-auf-rostocker-s-bahn-linien\/","url":"https:\/\/www.vmv-mbh.de\/baumassnahmen-auf-rostocker-s-bahn-linien\/","name":"Bauma\u00dfnahmen auf Rostocker S-Bahn Linien - VMV-Verkehrsgesellschaft Mecklenburg-Vorpommern","isPartOf":{"@id":"https:\/\/www.vmv-mbh.de\/#website"},"primaryImageOfPage":{"@id":"https:\/\/www.vmv-mbh.de\/baumassnahmen-auf-rostocker-s-bahn-linien\/#primaryimage"},"image":{"@id":"https:\/\/www.vmv-mbh.de\/baumassnahmen-auf-rostocker-s-bahn-linien\/#primaryimage"},"thumbnailUrl":"https:\/\/www.vmv-mbh.de\/wp-content\/uploads\/S1-scaled.jpg","datePublished":"2025-02-25T10:43:19+00:00","dateModified":"2025-03-06T13:34:20+00:00","description":"Bauma\u00dfnahmen auf Rostocker S-Bahn Linien","breadcrumb":{"@id":"https:\/\/www.vmv-mbh.de\/baumassnahmen-auf-rostocker-s-bahn-linien\/#breadcrumb"},"inLanguage":"en-GB","potentialAction":[{"@type":"ReadAction","target":["https:\/\/www.vmv-mbh.de\/baumassnahmen-auf-rostocker-s-bahn-linien\/"]}]},{"@type":"ImageObject","inLanguage":"en-GB","@id":"https:\/\/www.vmv-mbh.de\/baumassnahmen-auf-rostocker-s-bahn-linien\/#primaryimage","url":"https:\/\/www.vmv-mbh.de\/wp-content\/uploads\/S1-scaled.jpg","contentUrl":"https:\/\/www.vmv-mbh.de\/wp-content\/uploads\/S1-scaled.jpg","width":1707,"height":2560,"caption":"Rostock-Warnem\u00fcnde Werft, S-Bahn mit D-DB_ET 442 als S1 Warnem\u00fcnde - Rostock Hbf, im Hintergrund Kreuzfahrschiff_\"Royal Princess\""},{"@type":"BreadcrumbList","@id":"https:\/\/www.vmv-mbh.de\/baumassnahmen-auf-rostocker-s-bahn-linien\/#breadcrumb","itemListElement":[{"@type":"ListItem","position":1,"name":"Startseite","item":"https:\/\/www.vmv-mbh.de\/"},{"@type":"ListItem","position":2,"name":"Bauma\u00dfnahmen auf Rostocker S-Bahn Linien"}]},{"@type":"WebSite","@id":"https:\/\/www.vmv-mbh.de\/#website","url":"https:\/\/www.vmv-mbh.de\/","name":"VMV Transport Company Mecklenburg-Western Pomerania","description":"VMV - Verkehrsgesellschaft M-V","publisher":{"@id":"https:\/\/www.vmv-mbh.de\/#organization"},"potentialAction":[{"@type":"SearchAction","target":{"@type":"EntryPoint","urlTemplate":"https:\/\/www.vmv-mbh.de\/?s={search_term_string}"},"query-input":{"@type":"PropertyValueSpecification","valueRequired":true,"valueName":"search_term_string"}}],"inLanguage":"en-GB"},{"@type":"Organization","@id":"https:\/\/www.vmv-mbh.de\/#organization","name":"VMV - Verkehrsgesellschaft Mecklenburg-Vorpommern mbH","url":"https:\/\/www.vmv-mbh.de\/","logo":{"@type":"ImageObject","inLanguage":"en-GB","@id":"https:\/\/www.vmv-mbh.de\/#\/schema\/logo\/image\/","url":"https:\/\/www.vmv-mbh.de\/wp-content\/uploads\/brand-vmv-vmv-logo-quer-inv.png","contentUrl":"https:\/\/www.vmv-mbh.de\/wp-content\/uploads\/brand-vmv-vmv-logo-quer-inv.png","width":384,"height":64,"caption":"VMV \u2013 Verkehrsgesellschaft Mecklenburg-Vorpommern mbH"},"image":{"@id":"https:\/\/www.vmv-mbh.de\/#\/schema\/logo\/image\/"}},{"@type":"Person","@id":"https:\/\/www.vmv-mbh.de\/#\/schema\/person\/2cfafd86deaee1c537177c43b9314933","name":"Katharina Henkel","image":{"@type":"ImageObject","inLanguage":"en-GB","@id":"https:\/\/secure.gravatar.com\/avatar\/b93e9f247cea2317b341cba121c5ed6a4745d9d131daf85983e78af1dab7631d?s=96&d=mm&r=g","url":"https:\/\/secure.gravatar.com\/avatar\/b93e9f247cea2317b341cba121c5ed6a4745d9d131daf85983e78af1dab7631d?s=96&d=mm&r=g","contentUrl":"https:\/\/secure.gravatar.com\/avatar\/b93e9f247cea2317b341cba121c5ed6a4745d9d131daf85983e78af1dab7631d?s=96&d=mm&r=g","caption":"Katharina Henkel"},"url":"https:\/\/www.vmv-mbh.de\/en\/author\/katharina-henkel\/"}]}},"_links":{"self":[{"href":"https:\/\/www.vmv-mbh.de\/en\/wp-json\/wp\/v2\/posts\/3340","targetHints":{"allow":["GET"]}}],"collection":[{"href":"https:\/\/www.vmv-mbh.de\/en\/wp-json\/wp\/v2\/posts"}],"about":[{"href":"https:\/\/www.vmv-mbh.de\/en\/wp-json\/wp\/v2\/types\/post"}],"author":[{"embeddable":true,"href":"https:\/\/www.vmv-mbh.de\/en\/wp-json\/wp\/v2\/users\/7"}],"replies":[{"embeddable":true,"href":"https:\/\/www.vmv-mbh.de\/en\/wp-json\/wp\/v2\/comments?post=3340"}],"version-history":[{"count":0,"href":"https:\/\/www.vmv-mbh.de\/en\/wp-json\/wp\/v2\/posts\/3340\/revisions"}],"wp:featuredmedia":[{"embeddable":true,"href":"https:\/\/www.vmv-mbh.de\/en\/wp-json\/wp\/v2\/media\/593"}],"wp:attachment":[{"href":"https:\/\/www.vmv-mbh.de\/en\/wp-json\/wp\/v2\/media?parent=3340"}],"wp:term":[{"taxonomy":"category","embeddable":true,"href":"https:\/\/www.vmv-mbh.de\/en\/wp-json\/wp\/v2\/categories?post=3340"},{"taxonomy":"post_tag","embeddable":true,"href":"https:\/\/www.vmv-mbh.de\/en\/wp-json\/wp\/v2\/tags?post=3340"}],"curies":[{"name":"wp","href":"https:\/\/api.w.org\/{rel}","templated":true}]}}