{"id":3662,"date":"2025-07-11T14:54:53","date_gmt":"2025-07-11T12:54:53","guid":{"rendered":"https:\/\/www.vmv-mbh.de\/?p=3662"},"modified":"2025-07-11T15:30:36","modified_gmt":"2025-07-11T13:30:36","slug":"festival-airbeat-one-am-12-und-13-juli-2025-werden-einzelne-zugteile-der-linie-rb14-mit-busverkehr-ersetzt","status":"publish","type":"post","link":"https:\/\/www.vmv-mbh.de\/en\/festival-airbeat-one-am-12-und-13-juli-2025-werden-einzelne-zugteile-der-linie-rb14-mit-busverkehr-ersetzt\/","title":{"rendered":"Festival AIRBEAT ONE: Am 12. und 13. Juli 2025 werden einzelne Teilabschnitte der Linie RB14 mit Busverkehr ersetzt"},"content":{"rendered":"<div data-elementor-type=\"wp-post\" data-elementor-id=\"3662\" class=\"elementor elementor-3662\" data-elementor-post-type=\"post\">\n\t\t\t\t\t\t<section class=\"elementor-section elementor-top-section elementor-element elementor-element-8d6fb4f elementor-section-boxed elementor-section-height-default elementor-section-height-default\" data-id=\"8d6fb4f\" data-element_type=\"section\" data-e-type=\"section\">\n\t\t\t\t\t\t<div class=\"elementor-container elementor-column-gap-default\">\n\t\t\t\t\t<div class=\"elementor-column elementor-col-100 elementor-top-column elementor-element elementor-element-9aa7809\" data-id=\"9aa7809\" data-element_type=\"column\" data-e-type=\"column\">\n\t\t\t<div class=\"elementor-widget-wrap elementor-element-populated\">\n\t\t\t\t\t\t<div class=\"elementor-element elementor-element-1cdccec elementor-widget elementor-widget-text-editor\" data-id=\"1cdccec\" data-element_type=\"widget\" data-e-type=\"widget\" data-widget_type=\"text-editor.default\">\n\t\t\t\t<div class=\"elementor-widget-container\">\n\t\t\t\t\t\t\t\t\t<p><strong>Eilmeldung &#8211; Fahrplanabweichung der ODEG &#8211; Airbeat One<\/strong><\/p><p>Sehr geehrte Fahrg\u00e4ste,<\/p><p>am 12. Juli 2025 und 13. Juli 2025, zwischen 07:30 Uhr und 23:00 Uhr, fahren einzelne Z\u00fcge der Linie RB14 zwischen Parchim \u25c2\u25b8 Hagenow Stadt anl\u00e4sslich des Festivals \u201eAIRBEAT ONE\u201c mit einer h\u00f6heren Kapazit\u00e4t (Doppeltraktion). <br \/>Einige Z\u00fcge der Linie RB14 verkehren mit nur einem Wagen und werden zus\u00e4tzlich mit einem Bus verst\u00e4rkt. <br \/>Die Fahrzeiten f\u00fcr den Bus finden Sie in der untenstehenden Tabelle. <br \/>Bitte beachten Sie, dass es dennoch zu einer erh\u00f6hten Auslastung der Z\u00fcge kommen kann.<\/p><p>Weitere Informationen entnehmen Sie bitte dem Fahrplan der ODEG. Rollst\u00fchle, Kinderwagen und Fahrr\u00e4der k\u00f6nnen mit dem Ersatzverkehr nur eingeschr\u00e4nkt bef\u00f6rdert werden. Bei wenig Platz haben Rollst\u00fchle und Kinderwagen Vorrang.<\/p><p>Ein Anspruch auf Mitnahme eines Fahrrades besteht nicht.<br \/>Z\u00fcge, die nicht aufgef\u00fchrt sind, verkehren planm\u00e4\u00dfig.<\/p><p>Die ODEG steht Ihnen f\u00fcr weitere Ausk\u00fcnfte gern zur Verf\u00fcgung.<\/p>\t\t\t\t\t\t\t\t<\/div>\n\t\t\t\t<\/div>\n\t\t\t\t\t<\/div>\n\t\t<\/div>\n\t\t\t\t\t<\/div>\n\t\t<\/section>\n\t\t\t\t<section class=\"elementor-section elementor-top-section elementor-element elementor-element-4aba56a elementor-section-boxed elementor-section-height-default elementor-section-height-default\" data-id=\"4aba56a\" data-element_type=\"section\" data-e-type=\"section\">\n\t\t\t\t\t\t<div class=\"elementor-container elementor-column-gap-default\">\n\t\t\t\t\t<div class=\"elementor-column elementor-col-100 elementor-top-column elementor-element elementor-element-3e8691d\" data-id=\"3e8691d\" data-element_type=\"column\" data-e-type=\"column\">\n\t\t\t<div class=\"elementor-widget-wrap elementor-element-populated\">\n\t\t\t\t\t\t<div class=\"elementor-element elementor-element-3769575 elementor-button-primary elementor-widget elementor-widget-button\" data-id=\"3769575\" data-element_type=\"widget\" data-e-type=\"widget\" data-widget_type=\"button.default\">\n\t\t\t\t<div class=\"elementor-widget-container\">\n\t\t\t\t\t\t\t\t\t<div class=\"elementor-button-wrapper\">\n\t\t\t\t\t<a class=\"elementor-button elementor-button-link elementor-size-sm\" href=\"https:\/\/www.odeg.de\/fileadmin\/user_upload\/Unternehmensseite\/linien-fahrplaene\/fahrplanabweichung\/Jul25\/25_07_09-13_RB14_SEV_AIRBEAT_ONE_Festival_2025_aktualisiert.pdf\" target=\"_blank\">\n\t\t\t\t\t\t<span class=\"elementor-button-content-wrapper\">\n\t\t\t\t\t\t\t\t\t<span class=\"elementor-button-text\">Timetable<\/span>\n\t\t\t\t\t<\/span>\n\t\t\t\t\t<\/a>\n\t\t\t\t<\/div>\n\t\t\t\t\t\t\t\t<\/div>\n\t\t\t\t<\/div>\n\t\t\t\t\t<\/div>\n\t\t<\/div>\n\t\t\t\t\t<\/div>\n\t\t<\/section>\n\t\t\t\t<\/div>","protected":false},"excerpt":{"rendered":"<p>Eilmeldung &#8211; Fahrplanabweichung der ODEG &#8211; Airbeat One Sehr geehrte Fahrg\u00e4ste, am 12. Juli 2025 und 13. Juli 2025, zwischen 07:30 Uhr und 23:00 Uhr, fahren einzelne Z\u00fcge der Linie RB14 zwischen Parchim \u25c2\u25b8 Hagenow Stadt anl\u00e4sslich des Festivals \u201eAIRBEAT ONE\u201c mit einer h\u00f6heren Kapazit\u00e4t (Doppeltraktion). Einige Z\u00fcge der Linie RB14 verkehren mit nur einem&hellip;<\/p>","protected":false},"author":6,"featured_media":3664,"comment_status":"closed","ping_status":"closed","sticky":false,"template":"","format":"standard","meta":{"_acf_changed":false,"footnotes":""},"categories":[1],"tags":[329,330,325,157,138,137,70],"class_list":["post-3662","post","type-post","status-publish","format-standard","has-post-thumbnail","hentry","category-allgemein","tag-mit-dem-zug-zur-airbeat-nach-neustadt-glewe","tag-neustadt-glewe","tag-zugverkehr","tag-vmv-verkehrsgesellschaft-mecklenburg-vorpommern","tag-festival","tag-airbeat-one","tag-land"],"acf":[],"yoast_head":"<!-- This site is optimized with the Yoast SEO plugin v27.4 - https:\/\/yoast.com\/product\/yoast-seo-wordpress\/ -->\n<title>Festival AIRBEAT ONE: Am 12. und 13. Juli 2025 werden einzelne Teilabschnitte der Linie RB14 mit Busverkehr ersetzt - VMV-Verkehrsgesellschaft Mecklenburg-Vorpommern<\/title>\n<meta name=\"description\" content=\"Mit dem Zug zur Airbeat nach Neustadt Glewe\" \/>\n<meta name=\"robots\" content=\"index, follow, max-snippet:-1, max-image-preview:large, max-video-preview:-1\" \/>\n<link rel=\"canonical\" href=\"https:\/\/www.vmv-mbh.de\/en\/festival-airbeat-one-am-12-und-13-juli-2025-werden-einzelne-zugteile-der-linie-rb14-mit-busverkehr-ersetzt\/\" \/>\n<meta property=\"og:locale\" content=\"en_GB\" \/>\n<meta property=\"og:type\" content=\"article\" \/>\n<meta property=\"og:title\" content=\"Festival AIRBEAT ONE: Am 12. und 13. Juli 2025 werden einzelne Teilabschnitte der Linie RB14 mit Busverkehr ersetzt - VMV-Verkehrsgesellschaft Mecklenburg-Vorpommern\" \/>\n<meta property=\"og:description\" content=\"Mit dem Zug zur Airbeat nach Neustadt Glewe\" \/>\n<meta property=\"og:url\" content=\"https:\/\/www.vmv-mbh.de\/en\/festival-airbeat-one-am-12-und-13-juli-2025-werden-einzelne-zugteile-der-linie-rb14-mit-busverkehr-ersetzt\/\" \/>\n<meta property=\"og:site_name\" content=\"VMV-Verkehrsgesellschaft Mecklenburg-Vorpommern\" \/>\n<meta property=\"article:published_time\" content=\"2025-07-11T12:54:53+00:00\" \/>\n<meta property=\"article:modified_time\" content=\"2025-07-11T13:30:36+00:00\" \/>\n<meta property=\"og:image\" content=\"https:\/\/www.vmv-mbh.de\/wp-content\/uploads\/Dein-Abschnittstext1.jpg\" \/>\n\t<meta property=\"og:image:width\" content=\"1300\" \/>\n\t<meta property=\"og:image:height\" content=\"750\" \/>\n\t<meta property=\"og:image:type\" content=\"image\/jpeg\" \/>\n<meta name=\"author\" content=\"PS-2\" \/>\n<meta name=\"twitter:card\" content=\"summary_large_image\" \/>\n<meta name=\"twitter:label1\" content=\"Written by\" \/>\n\t<meta name=\"twitter:data1\" content=\"PS-2\" \/>\n\t<meta name=\"twitter:label2\" content=\"Estimated reading time\" \/>\n\t<meta name=\"twitter:data2\" content=\"1 minute\" \/>\n<script type=\"application\/ld+json\" class=\"yoast-schema-graph\">{\"@context\":\"https:\\\/\\\/schema.org\",\"@graph\":[{\"@type\":\"Article\",\"@id\":\"https:\\\/\\\/www.vmv-mbh.de\\\/festival-airbeat-one-am-12-und-13-juli-2025-werden-einzelne-zugteile-der-linie-rb14-mit-busverkehr-ersetzt\\\/#article\",\"isPartOf\":{\"@id\":\"https:\\\/\\\/www.vmv-mbh.de\\\/festival-airbeat-one-am-12-und-13-juli-2025-werden-einzelne-zugteile-der-linie-rb14-mit-busverkehr-ersetzt\\\/\"},\"author\":{\"name\":\"PS-2\",\"@id\":\"https:\\\/\\\/www.vmv-mbh.de\\\/#\\\/schema\\\/person\\\/6a0351a481204e9b223f3a62eebf686b\"},\"headline\":\"Festival AIRBEAT ONE: Am 12. und 13. Juli 2025 werden einzelne Teilabschnitte der Linie RB14 mit Busverkehr ersetzt\",\"datePublished\":\"2025-07-11T12:54:53+00:00\",\"dateModified\":\"2025-07-11T13:30:36+00:00\",\"mainEntityOfPage\":{\"@id\":\"https:\\\/\\\/www.vmv-mbh.de\\\/festival-airbeat-one-am-12-und-13-juli-2025-werden-einzelne-zugteile-der-linie-rb14-mit-busverkehr-ersetzt\\\/\"},\"wordCount\":176,\"publisher\":{\"@id\":\"https:\\\/\\\/www.vmv-mbh.de\\\/#organization\"},\"image\":{\"@id\":\"https:\\\/\\\/www.vmv-mbh.de\\\/festival-airbeat-one-am-12-und-13-juli-2025-werden-einzelne-zugteile-der-linie-rb14-mit-busverkehr-ersetzt\\\/#primaryimage\"},\"thumbnailUrl\":\"https:\\\/\\\/www.vmv-mbh.de\\\/wp-content\\\/uploads\\\/Dein-Abschnittstext1.jpg\",\"keywords\":[\"Mit dem Zug zur Airbeat nach Neustadt Glewe\",\"Neustadt Glewe\",\"Zugverkehr\",\"VMV-Verkehrsgesellschaft Mecklenburg-Vorpommern\",\"Festival\",\"Airbeat One\",\"Land\"],\"articleSection\":[\"Allgemein\"],\"inLanguage\":\"en-GB\"},{\"@type\":\"WebPage\",\"@id\":\"https:\\\/\\\/www.vmv-mbh.de\\\/festival-airbeat-one-am-12-und-13-juli-2025-werden-einzelne-zugteile-der-linie-rb14-mit-busverkehr-ersetzt\\\/\",\"url\":\"https:\\\/\\\/www.vmv-mbh.de\\\/festival-airbeat-one-am-12-und-13-juli-2025-werden-einzelne-zugteile-der-linie-rb14-mit-busverkehr-ersetzt\\\/\",\"name\":\"Festival AIRBEAT ONE: Am 12. und 13. Juli 2025 werden einzelne Teilabschnitte der Linie RB14 mit Busverkehr ersetzt - VMV-Verkehrsgesellschaft Mecklenburg-Vorpommern\",\"isPartOf\":{\"@id\":\"https:\\\/\\\/www.vmv-mbh.de\\\/#website\"},\"primaryImageOfPage\":{\"@id\":\"https:\\\/\\\/www.vmv-mbh.de\\\/festival-airbeat-one-am-12-und-13-juli-2025-werden-einzelne-zugteile-der-linie-rb14-mit-busverkehr-ersetzt\\\/#primaryimage\"},\"image\":{\"@id\":\"https:\\\/\\\/www.vmv-mbh.de\\\/festival-airbeat-one-am-12-und-13-juli-2025-werden-einzelne-zugteile-der-linie-rb14-mit-busverkehr-ersetzt\\\/#primaryimage\"},\"thumbnailUrl\":\"https:\\\/\\\/www.vmv-mbh.de\\\/wp-content\\\/uploads\\\/Dein-Abschnittstext1.jpg\",\"datePublished\":\"2025-07-11T12:54:53+00:00\",\"dateModified\":\"2025-07-11T13:30:36+00:00\",\"description\":\"Mit dem Zug zur Airbeat nach Neustadt Glewe\",\"breadcrumb\":{\"@id\":\"https:\\\/\\\/www.vmv-mbh.de\\\/festival-airbeat-one-am-12-und-13-juli-2025-werden-einzelne-zugteile-der-linie-rb14-mit-busverkehr-ersetzt\\\/#breadcrumb\"},\"inLanguage\":\"en-GB\",\"potentialAction\":[{\"@type\":\"ReadAction\",\"target\":[\"https:\\\/\\\/www.vmv-mbh.de\\\/festival-airbeat-one-am-12-und-13-juli-2025-werden-einzelne-zugteile-der-linie-rb14-mit-busverkehr-ersetzt\\\/\"]}]},{\"@type\":\"ImageObject\",\"inLanguage\":\"en-GB\",\"@id\":\"https:\\\/\\\/www.vmv-mbh.de\\\/festival-airbeat-one-am-12-und-13-juli-2025-werden-einzelne-zugteile-der-linie-rb14-mit-busverkehr-ersetzt\\\/#primaryimage\",\"url\":\"https:\\\/\\\/www.vmv-mbh.de\\\/wp-content\\\/uploads\\\/Dein-Abschnittstext1.jpg\",\"contentUrl\":\"https:\\\/\\\/www.vmv-mbh.de\\\/wp-content\\\/uploads\\\/Dein-Abschnittstext1.jpg\",\"width\":1300,\"height\":750},{\"@type\":\"BreadcrumbList\",\"@id\":\"https:\\\/\\\/www.vmv-mbh.de\\\/festival-airbeat-one-am-12-und-13-juli-2025-werden-einzelne-zugteile-der-linie-rb14-mit-busverkehr-ersetzt\\\/#breadcrumb\",\"itemListElement\":[{\"@type\":\"ListItem\",\"position\":1,\"name\":\"Startseite\",\"item\":\"https:\\\/\\\/www.vmv-mbh.de\\\/\"},{\"@type\":\"ListItem\",\"position\":2,\"name\":\"Festival AIRBEAT ONE: Am 12. und 13. Juli 2025 werden einzelne Teilabschnitte der Linie RB14 mit Busverkehr ersetzt\"}]},{\"@type\":\"WebSite\",\"@id\":\"https:\\\/\\\/www.vmv-mbh.de\\\/#website\",\"url\":\"https:\\\/\\\/www.vmv-mbh.de\\\/\",\"name\":\"VMV-Verkehrsgesellschaft Mecklenburg-Vorpommern\",\"description\":\"VMV \u2013 Verkehrsgesellschaft M-V\",\"publisher\":{\"@id\":\"https:\\\/\\\/www.vmv-mbh.de\\\/#organization\"},\"potentialAction\":[{\"@type\":\"SearchAction\",\"target\":{\"@type\":\"EntryPoint\",\"urlTemplate\":\"https:\\\/\\\/www.vmv-mbh.de\\\/?s={search_term_string}\"},\"query-input\":{\"@type\":\"PropertyValueSpecification\",\"valueRequired\":true,\"valueName\":\"search_term_string\"}}],\"inLanguage\":\"en-GB\"},{\"@type\":\"Organization\",\"@id\":\"https:\\\/\\\/www.vmv-mbh.de\\\/#organization\",\"name\":\"VMV \u2013 Verkehrsgesellschaft Mecklenburg-Vorpommern mbH\",\"url\":\"https:\\\/\\\/www.vmv-mbh.de\\\/\",\"logo\":{\"@type\":\"ImageObject\",\"inLanguage\":\"en-GB\",\"@id\":\"https:\\\/\\\/www.vmv-mbh.de\\\/#\\\/schema\\\/logo\\\/image\\\/\",\"url\":\"https:\\\/\\\/www.vmv-mbh.de\\\/wp-content\\\/uploads\\\/brand-vmv-vmv-logo-quer-inv.png\",\"contentUrl\":\"https:\\\/\\\/www.vmv-mbh.de\\\/wp-content\\\/uploads\\\/brand-vmv-vmv-logo-quer-inv.png\",\"width\":384,\"height\":64,\"caption\":\"VMV \u2013 Verkehrsgesellschaft Mecklenburg-Vorpommern mbH\"},\"image\":{\"@id\":\"https:\\\/\\\/www.vmv-mbh.de\\\/#\\\/schema\\\/logo\\\/image\\\/\"}},{\"@type\":\"Person\",\"@id\":\"https:\\\/\\\/www.vmv-mbh.de\\\/#\\\/schema\\\/person\\\/6a0351a481204e9b223f3a62eebf686b\",\"name\":\"PS-2\",\"image\":{\"@type\":\"ImageObject\",\"inLanguage\":\"en-GB\",\"@id\":\"https:\\\/\\\/secure.gravatar.com\\\/avatar\\\/4030b641b3c1da7099f5e08231fbadb6b19b8eaa9e54909ff4f3523948e8daf3?s=96&d=mm&r=g\",\"url\":\"https:\\\/\\\/secure.gravatar.com\\\/avatar\\\/4030b641b3c1da7099f5e08231fbadb6b19b8eaa9e54909ff4f3523948e8daf3?s=96&d=mm&r=g\",\"contentUrl\":\"https:\\\/\\\/secure.gravatar.com\\\/avatar\\\/4030b641b3c1da7099f5e08231fbadb6b19b8eaa9e54909ff4f3523948e8daf3?s=96&d=mm&r=g\",\"caption\":\"PS-2\"},\"url\":\"https:\\\/\\\/www.vmv-mbh.de\\\/en\\\/author\\\/diana-raeth\\\/\"}]}<\/script>\n<!-- \/ Yoast SEO plugin. -->","yoast_head_json":{"title":"Festival AIRBEAT ONE: Am 12. und 13. Juli 2025 werden einzelne Teilabschnitte der Linie RB14 mit Busverkehr ersetzt - VMV-Verkehrsgesellschaft Mecklenburg-Vorpommern","description":"Mit dem Zug zur Airbeat nach Neustadt Glewe","robots":{"index":"index","follow":"follow","max-snippet":"max-snippet:-1","max-image-preview":"max-image-preview:large","max-video-preview":"max-video-preview:-1"},"canonical":"https:\/\/www.vmv-mbh.de\/en\/festival-airbeat-one-am-12-und-13-juli-2025-werden-einzelne-zugteile-der-linie-rb14-mit-busverkehr-ersetzt\/","og_locale":"en_GB","og_type":"article","og_title":"Festival AIRBEAT ONE: Am 12. und 13. Juli 2025 werden einzelne Teilabschnitte der Linie RB14 mit Busverkehr ersetzt - VMV-Verkehrsgesellschaft Mecklenburg-Vorpommern","og_description":"Mit dem Zug zur Airbeat nach Neustadt Glewe","og_url":"https:\/\/www.vmv-mbh.de\/en\/festival-airbeat-one-am-12-und-13-juli-2025-werden-einzelne-zugteile-der-linie-rb14-mit-busverkehr-ersetzt\/","og_site_name":"VMV-Verkehrsgesellschaft Mecklenburg-Vorpommern","article_published_time":"2025-07-11T12:54:53+00:00","article_modified_time":"2025-07-11T13:30:36+00:00","og_image":[{"width":1300,"height":750,"url":"https:\/\/www.vmv-mbh.de\/wp-content\/uploads\/Dein-Abschnittstext1.jpg","type":"image\/jpeg"}],"author":"PS-2","twitter_card":"summary_large_image","twitter_misc":{"Written by":"PS-2","Estimated reading time":"1 minute"},"schema":{"@context":"https:\/\/schema.org","@graph":[{"@type":"Article","@id":"https:\/\/www.vmv-mbh.de\/festival-airbeat-one-am-12-und-13-juli-2025-werden-einzelne-zugteile-der-linie-rb14-mit-busverkehr-ersetzt\/#article","isPartOf":{"@id":"https:\/\/www.vmv-mbh.de\/festival-airbeat-one-am-12-und-13-juli-2025-werden-einzelne-zugteile-der-linie-rb14-mit-busverkehr-ersetzt\/"},"author":{"name":"PS-2","@id":"https:\/\/www.vmv-mbh.de\/#\/schema\/person\/6a0351a481204e9b223f3a62eebf686b"},"headline":"Festival AIRBEAT ONE: Am 12. und 13. Juli 2025 werden einzelne Teilabschnitte der Linie RB14 mit Busverkehr ersetzt","datePublished":"2025-07-11T12:54:53+00:00","dateModified":"2025-07-11T13:30:36+00:00","mainEntityOfPage":{"@id":"https:\/\/www.vmv-mbh.de\/festival-airbeat-one-am-12-und-13-juli-2025-werden-einzelne-zugteile-der-linie-rb14-mit-busverkehr-ersetzt\/"},"wordCount":176,"publisher":{"@id":"https:\/\/www.vmv-mbh.de\/#organization"},"image":{"@id":"https:\/\/www.vmv-mbh.de\/festival-airbeat-one-am-12-und-13-juli-2025-werden-einzelne-zugteile-der-linie-rb14-mit-busverkehr-ersetzt\/#primaryimage"},"thumbnailUrl":"https:\/\/www.vmv-mbh.de\/wp-content\/uploads\/Dein-Abschnittstext1.jpg","keywords":["Mit dem Zug zur Airbeat nach Neustadt Glewe","Neustadt Glewe","Zugverkehr","VMV-Verkehrsgesellschaft Mecklenburg-Vorpommern","Festival","Airbeat One","Land"],"articleSection":["Allgemein"],"inLanguage":"en-GB"},{"@type":"WebPage","@id":"https:\/\/www.vmv-mbh.de\/festival-airbeat-one-am-12-und-13-juli-2025-werden-einzelne-zugteile-der-linie-rb14-mit-busverkehr-ersetzt\/","url":"https:\/\/www.vmv-mbh.de\/festival-airbeat-one-am-12-und-13-juli-2025-werden-einzelne-zugteile-der-linie-rb14-mit-busverkehr-ersetzt\/","name":"Festival AIRBEAT ONE: Am 12. und 13. Juli 2025 werden einzelne Teilabschnitte der Linie RB14 mit Busverkehr ersetzt - VMV-Verkehrsgesellschaft Mecklenburg-Vorpommern","isPartOf":{"@id":"https:\/\/www.vmv-mbh.de\/#website"},"primaryImageOfPage":{"@id":"https:\/\/www.vmv-mbh.de\/festival-airbeat-one-am-12-und-13-juli-2025-werden-einzelne-zugteile-der-linie-rb14-mit-busverkehr-ersetzt\/#primaryimage"},"image":{"@id":"https:\/\/www.vmv-mbh.de\/festival-airbeat-one-am-12-und-13-juli-2025-werden-einzelne-zugteile-der-linie-rb14-mit-busverkehr-ersetzt\/#primaryimage"},"thumbnailUrl":"https:\/\/www.vmv-mbh.de\/wp-content\/uploads\/Dein-Abschnittstext1.jpg","datePublished":"2025-07-11T12:54:53+00:00","dateModified":"2025-07-11T13:30:36+00:00","description":"Mit dem Zug zur Airbeat nach Neustadt Glewe","breadcrumb":{"@id":"https:\/\/www.vmv-mbh.de\/festival-airbeat-one-am-12-und-13-juli-2025-werden-einzelne-zugteile-der-linie-rb14-mit-busverkehr-ersetzt\/#breadcrumb"},"inLanguage":"en-GB","potentialAction":[{"@type":"ReadAction","target":["https:\/\/www.vmv-mbh.de\/festival-airbeat-one-am-12-und-13-juli-2025-werden-einzelne-zugteile-der-linie-rb14-mit-busverkehr-ersetzt\/"]}]},{"@type":"ImageObject","inLanguage":"en-GB","@id":"https:\/\/www.vmv-mbh.de\/festival-airbeat-one-am-12-und-13-juli-2025-werden-einzelne-zugteile-der-linie-rb14-mit-busverkehr-ersetzt\/#primaryimage","url":"https:\/\/www.vmv-mbh.de\/wp-content\/uploads\/Dein-Abschnittstext1.jpg","contentUrl":"https:\/\/www.vmv-mbh.de\/wp-content\/uploads\/Dein-Abschnittstext1.jpg","width":1300,"height":750},{"@type":"BreadcrumbList","@id":"https:\/\/www.vmv-mbh.de\/festival-airbeat-one-am-12-und-13-juli-2025-werden-einzelne-zugteile-der-linie-rb14-mit-busverkehr-ersetzt\/#breadcrumb","itemListElement":[{"@type":"ListItem","position":1,"name":"Startseite","item":"https:\/\/www.vmv-mbh.de\/"},{"@type":"ListItem","position":2,"name":"Festival AIRBEAT ONE: Am 12. und 13. Juli 2025 werden einzelne Teilabschnitte der Linie RB14 mit Busverkehr ersetzt"}]},{"@type":"WebSite","@id":"https:\/\/www.vmv-mbh.de\/#website","url":"https:\/\/www.vmv-mbh.de\/","name":"VMV Transport Company Mecklenburg-Western Pomerania","description":"VMV - Verkehrsgesellschaft M-V","publisher":{"@id":"https:\/\/www.vmv-mbh.de\/#organization"},"potentialAction":[{"@type":"SearchAction","target":{"@type":"EntryPoint","urlTemplate":"https:\/\/www.vmv-mbh.de\/?s={search_term_string}"},"query-input":{"@type":"PropertyValueSpecification","valueRequired":true,"valueName":"search_term_string"}}],"inLanguage":"en-GB"},{"@type":"Organization","@id":"https:\/\/www.vmv-mbh.de\/#organization","name":"VMV - Verkehrsgesellschaft Mecklenburg-Vorpommern mbH","url":"https:\/\/www.vmv-mbh.de\/","logo":{"@type":"ImageObject","inLanguage":"en-GB","@id":"https:\/\/www.vmv-mbh.de\/#\/schema\/logo\/image\/","url":"https:\/\/www.vmv-mbh.de\/wp-content\/uploads\/brand-vmv-vmv-logo-quer-inv.png","contentUrl":"https:\/\/www.vmv-mbh.de\/wp-content\/uploads\/brand-vmv-vmv-logo-quer-inv.png","width":384,"height":64,"caption":"VMV \u2013 Verkehrsgesellschaft Mecklenburg-Vorpommern mbH"},"image":{"@id":"https:\/\/www.vmv-mbh.de\/#\/schema\/logo\/image\/"}},{"@type":"Person","@id":"https:\/\/www.vmv-mbh.de\/#\/schema\/person\/6a0351a481204e9b223f3a62eebf686b","name":"PS-2","image":{"@type":"ImageObject","inLanguage":"en-GB","@id":"https:\/\/secure.gravatar.com\/avatar\/4030b641b3c1da7099f5e08231fbadb6b19b8eaa9e54909ff4f3523948e8daf3?s=96&d=mm&r=g","url":"https:\/\/secure.gravatar.com\/avatar\/4030b641b3c1da7099f5e08231fbadb6b19b8eaa9e54909ff4f3523948e8daf3?s=96&d=mm&r=g","contentUrl":"https:\/\/secure.gravatar.com\/avatar\/4030b641b3c1da7099f5e08231fbadb6b19b8eaa9e54909ff4f3523948e8daf3?s=96&d=mm&r=g","caption":"PS-2"},"url":"https:\/\/www.vmv-mbh.de\/en\/author\/diana-raeth\/"}]}},"_links":{"self":[{"href":"https:\/\/www.vmv-mbh.de\/en\/wp-json\/wp\/v2\/posts\/3662","targetHints":{"allow":["GET"]}}],"collection":[{"href":"https:\/\/www.vmv-mbh.de\/en\/wp-json\/wp\/v2\/posts"}],"about":[{"href":"https:\/\/www.vmv-mbh.de\/en\/wp-json\/wp\/v2\/types\/post"}],"author":[{"embeddable":true,"href":"https:\/\/www.vmv-mbh.de\/en\/wp-json\/wp\/v2\/users\/6"}],"replies":[{"embeddable":true,"href":"https:\/\/www.vmv-mbh.de\/en\/wp-json\/wp\/v2\/comments?post=3662"}],"version-history":[{"count":0,"href":"https:\/\/www.vmv-mbh.de\/en\/wp-json\/wp\/v2\/posts\/3662\/revisions"}],"wp:featuredmedia":[{"embeddable":true,"href":"https:\/\/www.vmv-mbh.de\/en\/wp-json\/wp\/v2\/media\/3664"}],"wp:attachment":[{"href":"https:\/\/www.vmv-mbh.de\/en\/wp-json\/wp\/v2\/media?parent=3662"}],"wp:term":[{"taxonomy":"category","embeddable":true,"href":"https:\/\/www.vmv-mbh.de\/en\/wp-json\/wp\/v2\/categories?post=3662"},{"taxonomy":"post_tag","embeddable":true,"href":"https:\/\/www.vmv-mbh.de\/en\/wp-json\/wp\/v2\/tags?post=3662"}],"curies":[{"name":"wp","href":"https:\/\/api.w.org\/{rel}","templated":true}]}}