{"id":3731,"date":"2025-10-22T11:41:20","date_gmt":"2025-10-22T09:41:20","guid":{"rendered":"https:\/\/www.vmv-mbh.de\/?p=3731"},"modified":"2025-10-27T13:17:53","modified_gmt":"2025-10-27T12:17:53","slug":"neubrandenburg-drei-neue-regiobuslinien-in-der-mecklenburgischen-seenplatte","status":"publish","type":"post","link":"https:\/\/www.vmv-mbh.de\/en\/neubrandenburg-drei-neue-regiobuslinien-in-der-mecklenburgischen-seenplatte\/","title":{"rendered":"Neubrandenburg: Drei neue Regiobuslinien in der Mecklenburgischen Seenplatte"},"content":{"rendered":"<div data-elementor-type=\"wp-post\" data-elementor-id=\"3731\" class=\"elementor elementor-3731\" data-elementor-post-type=\"post\">\n\t\t\t\t\t\t<section class=\"elementor-section elementor-top-section elementor-element elementor-element-faf8e89 elementor-section-boxed elementor-section-height-default elementor-section-height-default\" data-id=\"faf8e89\" data-element_type=\"section\" data-e-type=\"section\">\n\t\t\t\t\t\t<div class=\"elementor-container elementor-column-gap-default\">\n\t\t\t\t\t<div class=\"elementor-column elementor-col-100 elementor-top-column elementor-element elementor-element-6dc1a00\" data-id=\"6dc1a00\" data-element_type=\"column\" data-e-type=\"column\">\n\t\t\t<div class=\"elementor-widget-wrap elementor-element-populated\">\n\t\t\t\t\t\t<div class=\"elementor-element elementor-element-b27b42d elementor-widget elementor-widget-heading\" data-id=\"b27b42d\" data-element_type=\"widget\" data-e-type=\"widget\" data-widget_type=\"heading.default\">\n\t\t\t\t<div class=\"elementor-widget-container\">\n\t\t\t\t\t<h6 class=\"elementor-heading-title elementor-size-default\"><strong>Pressemitteilung des Ministeriums f\u00fcr Wirtschaft, Infrastruktur, Tourismus und ArbeitMecklenburg-Vorpommern<\/strong><\/h6>\t\t\t\t<\/div>\n\t\t\t\t<\/div>\n\t\t\t\t<div class=\"elementor-element elementor-element-e949e2c elementor-widget elementor-widget-text-editor\" data-id=\"e949e2c\" data-element_type=\"widget\" data-e-type=\"widget\" data-widget_type=\"text-editor.default\">\n\t\t\t\t<div class=\"elementor-widget-container\">\n\t\t\t\t\t\t\t\t\t<h5>Ines Jesse: \u201eWir st\u00e4rken den l\u00e4ndlichen Raum. Die neuen Regiobuslinien schaffen verl\u00e4ssliche Mobilit\u00e4t \u2013 im Alltag der Menschen vor Ort sowie f\u00fcr Besucherinnen und Besucher\u201c<\/h5><p>Ines Jesse, Staatssekret\u00e4rin im Ministerium f\u00fcr Wirtschaft, Infrastruktur, Tourismus und Arbeit Mecklenburg-Vorpommern, hat heute in Neubrandenburg den offiziellen Startschuss der drei neuen Regiobuslinien 403 (Malchin \u2013 Waren), 500 (Neubrandenburg \u2013 Friedland) und 619 (Neustrelitz \u2013 Feldberg) im Landkreis Mecklenburgische Seenplatte gegeben. Die Linien sind bereits seit dem 6. Oktober 2025 in Betrieb.<\/p><p>\u201eUnser Mobilit\u00e4tsoffensive funktioniert! Mit den neuen Regiobuslinien schaffen wir verl\u00e4ssliche und attraktive Angebote f\u00fcr die Menschen in der Region \u2013 ob f\u00fcr den Weg zur Arbeit, zum Arzt oder zum Sportverein\u201c, sagte Staatssekret\u00e4rin Jesse. \u201eDas ist ein weiterer wichtiger Schritt, um Mobilit\u00e4t im l\u00e4ndlichen Raum sicherzustellen und gleichwertige Lebensverh\u00e4ltnisse zu f\u00f6rdern.\u201c<\/p><p>\u00a0Das Land unterst\u00fctzt den Betrieb der drei neuen Linien im Rahmen der Richtlinie zur F\u00f6rderung von Taktbusverkehren im \u00d6PNV mit insgesamt rund 323.000 Euro im Haushaltsjahr 2025, konkret:<\/p><p>\u00a0*\u00a0\u00a0\u00a0\u00a0\u00a0\u00a0\u00a0\u00a0\u00a0 Linie 403 Malchin \u2013 Waren mit rund 107.000 Euro,<\/p><p>*\u00a0\u00a0\u00a0\u00a0\u00a0\u00a0\u00a0\u00a0\u00a0 Linie 500 Neubrandenburg \u2013 Friedland mit rund 90.000 Euro und<\/p><p>*\u00a0\u00a0\u00a0\u00a0\u00a0\u00a0\u00a0\u00a0\u00a0 Linie 619 Neustrelitz \u2013 Feldberg mit rund 126.000 Euro.<\/p><p>Die F\u00f6rderung dient dem Ausbau vertakteter Busverkehre im ganzen Land. \u201eDie Regiobuslinien sind ein Erfolgsmodell. Sie tragen ma\u00dfgeblich zur Attraktivit\u00e4t des l\u00e4ndlichen Raums bei. Einige Linien, wie zum Beispiel die Linie 12 Neubrandenburg \u2013 Waren, verzeichnen bereits \u00fcber 1.000 Fahrg\u00e4ste pro Tag.<\/p><p>Mit den Regiobussen erh\u00f6hen wir auch die Erreichbarkeit touristischer Ziele und setzen wichtige Impulse f\u00fcr die regionale Entwicklung\u201c, betonte Staatssekret\u00e4rin Jesse.<\/p><h5><strong>Aufbau des landesweiten Regiobusnetzes <\/strong><\/h5><p>Seit dem Start der ersten Regiobuslinien im Dezember 2023 verzeichnen die Verkehrsunternehmen eine zunehmend positive Entwicklung bei den Fahrgastzahlen. F\u00fcr den Aufbau des Regiobusnetzes stellt das Land allein im Jahr 2025 rund 10,3 Millionen Euro zur Verf\u00fcgung. Mit den drei neuen Verbindungen im Landkreis Mecklenburgische Seenplatte umfasst das Regiobusnetz derzeit 13 Linien. Weitere sind gemeinsam mit den kommunalen Aufgabentr\u00e4gern in Planung.<\/p><p>Das landesweite Regiobusnetz ist ein zentraler Bestandteil der Mobilit\u00e4tsoffensive Mecklenburg-Vorpommern der Landesregierung. Es erg\u00e4nzt den Schienenpersonennahverkehr (SPNV) und schafft Verkn\u00fcpfungspunkte mit dem landesweiten Rufbussystem.<\/p><p>Das Land investiert gezielt in eine bedarfsgerechte und bezahlbare Mobilit\u00e4t in allen Regionen Mecklenburg-Vorpommerns. Die j\u00e4hrlichen Kosten der Mobilit\u00e4tsoffensive belaufen sich auf insgesamt rund 54,5 Millionen Euro. Davon entfallen<\/p><p>*\u00a0\u00a0\u00a0\u00a0\u00a0\u00a0\u00a0\u00a0\u00a0 rund 22,5 Millionen Euro auf das Busnetz M-V (Rufbusse und Regiobusse),<\/p><p>*\u00a0\u00a0\u00a0\u00a0\u00a0\u00a0\u00a0\u00a0\u00a0 rund 17 Millionen Euro auf Leistungsausweitungen im Schienenpersonennahverkehr sowie erg\u00e4nzend<\/p><p>*\u00a0\u00a0\u00a0\u00a0\u00a0\u00a0\u00a0\u00a0\u00a0 rund 15 Millionen Euro f\u00fcr Erm\u00e4\u00dfigungen auf das Deutschlandticket f\u00fcr Azubis und<\/p><p>\u00a0 \u00a0 \u00a0 \u00a0 \u00a0 \u00a0Seniorinnen und Senioren.<\/p><p>copyrith: Fotostudio-Pixelperle<\/p>\t\t\t\t\t\t\t\t<\/div>\n\t\t\t\t<\/div>\n\t\t\t\t\t<\/div>\n\t\t<\/div>\n\t\t\t\t\t<\/div>\n\t\t<\/section>\n\t\t\t\t<\/div>","protected":false},"excerpt":{"rendered":"<p>Pressemitteilung des Ministeriums f\u00fcr Wirtschaft, Infrastruktur, Tourismus und ArbeitMecklenburg-Vorpommern Ines Jesse: \u201eWir st\u00e4rken den l\u00e4ndlichen Raum. Die neuen Regiobuslinien schaffen verl\u00e4ssliche Mobilit\u00e4t \u2013 im Alltag der Menschen vor Ort sowie f\u00fcr Besucherinnen und Besucher\u201c Ines Jesse, Staatssekret\u00e4rin im Ministerium f\u00fcr Wirtschaft, Infrastruktur, Tourismus und Arbeit Mecklenburg-Vorpommern, hat heute in Neubrandenburg den offiziellen Startschuss der drei&hellip;<\/p>","protected":false},"author":6,"featured_media":3732,"comment_status":"closed","ping_status":"closed","sticky":false,"template":"","format":"standard","meta":{"_acf_changed":false,"footnotes":""},"categories":[1],"tags":[350,314,304,53],"class_list":["post-3731","post","type-post","status-publish","format-standard","has-post-thumbnail","hentry","category-allgemein","tag-mecklenburgische-seenplatte","tag-regiobus-mv","tag-mvvg","tag-mecklenburg-vorpommern"],"acf":[],"yoast_head":"<!-- This site is optimized with the Yoast SEO plugin v27.4 - https:\/\/yoast.com\/product\/yoast-seo-wordpress\/ -->\n<title>Neubrandenburg: Drei neue Regiobuslinien in der Mecklenburgischen Seenplatte - VMV-Verkehrsgesellschaft Mecklenburg-Vorpommern<\/title>\n<meta name=\"description\" content=\"Ines Jesse, Staatssekret\u00e4rin im Ministerium f\u00fcr Wirtschaft, Infrastruktur, Tourismus und Arbeit Mecklenburg-Vorpommern, hat heute in Neubrandenburg den offiziellen Startschuss der drei neuen Regiobuslinien 403 (Malchin \u2013 Waren), 500 (Neubrandenburg \u2013 Friedland) und 619 (Neustrelitz \u2013 Feldberg) im Landkreis Mecklenburgische Seenplatte gegeben. Die Linien sind bereits seit dem 6. Oktober 2025 in Betrieb.\" \/>\n<meta name=\"robots\" content=\"index, follow, max-snippet:-1, max-image-preview:large, max-video-preview:-1\" \/>\n<link rel=\"canonical\" href=\"https:\/\/www.vmv-mbh.de\/en\/neubrandenburg-drei-neue-regiobuslinien-in-der-mecklenburgischen-seenplatte\/\" \/>\n<meta property=\"og:locale\" content=\"en_GB\" \/>\n<meta property=\"og:type\" content=\"article\" \/>\n<meta property=\"og:title\" content=\"Neubrandenburg: Drei neue Regiobuslinien in der Mecklenburgischen Seenplatte - VMV-Verkehrsgesellschaft Mecklenburg-Vorpommern\" \/>\n<meta property=\"og:description\" content=\"Ines Jesse, Staatssekret\u00e4rin im Ministerium f\u00fcr Wirtschaft, Infrastruktur, Tourismus und Arbeit Mecklenburg-Vorpommern, hat heute in Neubrandenburg den offiziellen Startschuss der drei neuen Regiobuslinien 403 (Malchin \u2013 Waren), 500 (Neubrandenburg \u2013 Friedland) und 619 (Neustrelitz \u2013 Feldberg) im Landkreis Mecklenburgische Seenplatte gegeben. Die Linien sind bereits seit dem 6. Oktober 2025 in Betrieb.\" \/>\n<meta property=\"og:url\" content=\"https:\/\/www.vmv-mbh.de\/en\/neubrandenburg-drei-neue-regiobuslinien-in-der-mecklenburgischen-seenplatte\/\" \/>\n<meta property=\"og:site_name\" content=\"VMV-Verkehrsgesellschaft Mecklenburg-Vorpommern\" \/>\n<meta property=\"article:published_time\" content=\"2025-10-22T09:41:20+00:00\" \/>\n<meta property=\"article:modified_time\" content=\"2025-10-27T12:17:53+00:00\" \/>\n<meta property=\"og:image\" content=\"https:\/\/www.vmv-mbh.de\/wp-content\/uploads\/c_Fotostudio-Pixelperle_20251022-2-1024x683.jpg\" \/>\n\t<meta property=\"og:image:width\" content=\"1024\" \/>\n\t<meta property=\"og:image:height\" content=\"683\" \/>\n\t<meta property=\"og:image:type\" content=\"image\/jpeg\" \/>\n<meta name=\"author\" content=\"PS-2\" \/>\n<meta name=\"twitter:card\" content=\"summary_large_image\" \/>\n<meta name=\"twitter:label1\" content=\"Written by\" \/>\n\t<meta name=\"twitter:data1\" content=\"PS-2\" \/>\n\t<meta name=\"twitter:label2\" content=\"Estimated reading time\" \/>\n\t<meta name=\"twitter:data2\" content=\"3 minutes\" \/>\n<script type=\"application\/ld+json\" class=\"yoast-schema-graph\">{\"@context\":\"https:\\\/\\\/schema.org\",\"@graph\":[{\"@type\":\"Article\",\"@id\":\"https:\\\/\\\/www.vmv-mbh.de\\\/neubrandenburg-drei-neue-regiobuslinien-in-der-mecklenburgischen-seenplatte\\\/#article\",\"isPartOf\":{\"@id\":\"https:\\\/\\\/www.vmv-mbh.de\\\/neubrandenburg-drei-neue-regiobuslinien-in-der-mecklenburgischen-seenplatte\\\/\"},\"author\":{\"name\":\"PS-2\",\"@id\":\"https:\\\/\\\/www.vmv-mbh.de\\\/#\\\/schema\\\/person\\\/6a0351a481204e9b223f3a62eebf686b\"},\"headline\":\"Neubrandenburg: Drei neue Regiobuslinien in der Mecklenburgischen Seenplatte\",\"datePublished\":\"2025-10-22T09:41:20+00:00\",\"dateModified\":\"2025-10-27T12:17:53+00:00\",\"mainEntityOfPage\":{\"@id\":\"https:\\\/\\\/www.vmv-mbh.de\\\/neubrandenburg-drei-neue-regiobuslinien-in-der-mecklenburgischen-seenplatte\\\/\"},\"wordCount\":428,\"publisher\":{\"@id\":\"https:\\\/\\\/www.vmv-mbh.de\\\/#organization\"},\"image\":{\"@id\":\"https:\\\/\\\/www.vmv-mbh.de\\\/neubrandenburg-drei-neue-regiobuslinien-in-der-mecklenburgischen-seenplatte\\\/#primaryimage\"},\"thumbnailUrl\":\"https:\\\/\\\/www.vmv-mbh.de\\\/wp-content\\\/uploads\\\/c_Fotostudio-Pixelperle_20251022-2.jpg\",\"keywords\":[\"Mecklenburgische Seenplatte\",\"Regiobus MV\",\"mvvg\",\"Mecklenburg-Vorpommern\"],\"articleSection\":[\"Allgemein\"],\"inLanguage\":\"en-GB\"},{\"@type\":\"WebPage\",\"@id\":\"https:\\\/\\\/www.vmv-mbh.de\\\/neubrandenburg-drei-neue-regiobuslinien-in-der-mecklenburgischen-seenplatte\\\/\",\"url\":\"https:\\\/\\\/www.vmv-mbh.de\\\/neubrandenburg-drei-neue-regiobuslinien-in-der-mecklenburgischen-seenplatte\\\/\",\"name\":\"Neubrandenburg: Drei neue Regiobuslinien in der Mecklenburgischen Seenplatte - VMV-Verkehrsgesellschaft Mecklenburg-Vorpommern\",\"isPartOf\":{\"@id\":\"https:\\\/\\\/www.vmv-mbh.de\\\/#website\"},\"primaryImageOfPage\":{\"@id\":\"https:\\\/\\\/www.vmv-mbh.de\\\/neubrandenburg-drei-neue-regiobuslinien-in-der-mecklenburgischen-seenplatte\\\/#primaryimage\"},\"image\":{\"@id\":\"https:\\\/\\\/www.vmv-mbh.de\\\/neubrandenburg-drei-neue-regiobuslinien-in-der-mecklenburgischen-seenplatte\\\/#primaryimage\"},\"thumbnailUrl\":\"https:\\\/\\\/www.vmv-mbh.de\\\/wp-content\\\/uploads\\\/c_Fotostudio-Pixelperle_20251022-2.jpg\",\"datePublished\":\"2025-10-22T09:41:20+00:00\",\"dateModified\":\"2025-10-27T12:17:53+00:00\",\"description\":\"Ines Jesse, Staatssekret\u00e4rin im Ministerium f\u00fcr Wirtschaft, Infrastruktur, Tourismus und Arbeit Mecklenburg-Vorpommern, hat heute in Neubrandenburg den offiziellen Startschuss der drei neuen Regiobuslinien 403 (Malchin \u2013 Waren), 500 (Neubrandenburg \u2013 Friedland) und 619 (Neustrelitz \u2013 Feldberg) im Landkreis Mecklenburgische Seenplatte gegeben. Die Linien sind bereits seit dem 6. Oktober 2025 in Betrieb.\",\"breadcrumb\":{\"@id\":\"https:\\\/\\\/www.vmv-mbh.de\\\/neubrandenburg-drei-neue-regiobuslinien-in-der-mecklenburgischen-seenplatte\\\/#breadcrumb\"},\"inLanguage\":\"en-GB\",\"potentialAction\":[{\"@type\":\"ReadAction\",\"target\":[\"https:\\\/\\\/www.vmv-mbh.de\\\/neubrandenburg-drei-neue-regiobuslinien-in-der-mecklenburgischen-seenplatte\\\/\"]}]},{\"@type\":\"ImageObject\",\"inLanguage\":\"en-GB\",\"@id\":\"https:\\\/\\\/www.vmv-mbh.de\\\/neubrandenburg-drei-neue-regiobuslinien-in-der-mecklenburgischen-seenplatte\\\/#primaryimage\",\"url\":\"https:\\\/\\\/www.vmv-mbh.de\\\/wp-content\\\/uploads\\\/c_Fotostudio-Pixelperle_20251022-2.jpg\",\"contentUrl\":\"https:\\\/\\\/www.vmv-mbh.de\\\/wp-content\\\/uploads\\\/c_Fotostudio-Pixelperle_20251022-2.jpg\",\"width\":5472,\"height\":3648},{\"@type\":\"BreadcrumbList\",\"@id\":\"https:\\\/\\\/www.vmv-mbh.de\\\/neubrandenburg-drei-neue-regiobuslinien-in-der-mecklenburgischen-seenplatte\\\/#breadcrumb\",\"itemListElement\":[{\"@type\":\"ListItem\",\"position\":1,\"name\":\"Startseite\",\"item\":\"https:\\\/\\\/www.vmv-mbh.de\\\/\"},{\"@type\":\"ListItem\",\"position\":2,\"name\":\"Neubrandenburg: Drei neue Regiobuslinien in der Mecklenburgischen Seenplatte\"}]},{\"@type\":\"WebSite\",\"@id\":\"https:\\\/\\\/www.vmv-mbh.de\\\/#website\",\"url\":\"https:\\\/\\\/www.vmv-mbh.de\\\/\",\"name\":\"VMV-Verkehrsgesellschaft Mecklenburg-Vorpommern\",\"description\":\"VMV \u2013 Verkehrsgesellschaft M-V\",\"publisher\":{\"@id\":\"https:\\\/\\\/www.vmv-mbh.de\\\/#organization\"},\"potentialAction\":[{\"@type\":\"SearchAction\",\"target\":{\"@type\":\"EntryPoint\",\"urlTemplate\":\"https:\\\/\\\/www.vmv-mbh.de\\\/?s={search_term_string}\"},\"query-input\":{\"@type\":\"PropertyValueSpecification\",\"valueRequired\":true,\"valueName\":\"search_term_string\"}}],\"inLanguage\":\"en-GB\"},{\"@type\":\"Organization\",\"@id\":\"https:\\\/\\\/www.vmv-mbh.de\\\/#organization\",\"name\":\"VMV \u2013 Verkehrsgesellschaft Mecklenburg-Vorpommern mbH\",\"url\":\"https:\\\/\\\/www.vmv-mbh.de\\\/\",\"logo\":{\"@type\":\"ImageObject\",\"inLanguage\":\"en-GB\",\"@id\":\"https:\\\/\\\/www.vmv-mbh.de\\\/#\\\/schema\\\/logo\\\/image\\\/\",\"url\":\"https:\\\/\\\/www.vmv-mbh.de\\\/wp-content\\\/uploads\\\/brand-vmv-vmv-logo-quer-inv.png\",\"contentUrl\":\"https:\\\/\\\/www.vmv-mbh.de\\\/wp-content\\\/uploads\\\/brand-vmv-vmv-logo-quer-inv.png\",\"width\":384,\"height\":64,\"caption\":\"VMV \u2013 Verkehrsgesellschaft Mecklenburg-Vorpommern mbH\"},\"image\":{\"@id\":\"https:\\\/\\\/www.vmv-mbh.de\\\/#\\\/schema\\\/logo\\\/image\\\/\"}},{\"@type\":\"Person\",\"@id\":\"https:\\\/\\\/www.vmv-mbh.de\\\/#\\\/schema\\\/person\\\/6a0351a481204e9b223f3a62eebf686b\",\"name\":\"PS-2\",\"image\":{\"@type\":\"ImageObject\",\"inLanguage\":\"en-GB\",\"@id\":\"https:\\\/\\\/secure.gravatar.com\\\/avatar\\\/4030b641b3c1da7099f5e08231fbadb6b19b8eaa9e54909ff4f3523948e8daf3?s=96&d=mm&r=g\",\"url\":\"https:\\\/\\\/secure.gravatar.com\\\/avatar\\\/4030b641b3c1da7099f5e08231fbadb6b19b8eaa9e54909ff4f3523948e8daf3?s=96&d=mm&r=g\",\"contentUrl\":\"https:\\\/\\\/secure.gravatar.com\\\/avatar\\\/4030b641b3c1da7099f5e08231fbadb6b19b8eaa9e54909ff4f3523948e8daf3?s=96&d=mm&r=g\",\"caption\":\"PS-2\"},\"url\":\"https:\\\/\\\/www.vmv-mbh.de\\\/en\\\/author\\\/diana-raeth\\\/\"}]}<\/script>\n<!-- \/ Yoast SEO plugin. -->","yoast_head_json":{"title":"Neubrandenburg: Drei neue Regiobuslinien in der Mecklenburgischen Seenplatte - VMV-Verkehrsgesellschaft Mecklenburg-Vorpommern","description":"Ines Jesse, Staatssekret\u00e4rin im Ministerium f\u00fcr Wirtschaft, Infrastruktur, Tourismus und Arbeit Mecklenburg-Vorpommern, hat heute in Neubrandenburg den offiziellen Startschuss der drei neuen Regiobuslinien 403 (Malchin \u2013 Waren), 500 (Neubrandenburg \u2013 Friedland) und 619 (Neustrelitz \u2013 Feldberg) im Landkreis Mecklenburgische Seenplatte gegeben. Die Linien sind bereits seit dem 6. Oktober 2025 in Betrieb.","robots":{"index":"index","follow":"follow","max-snippet":"max-snippet:-1","max-image-preview":"max-image-preview:large","max-video-preview":"max-video-preview:-1"},"canonical":"https:\/\/www.vmv-mbh.de\/en\/neubrandenburg-drei-neue-regiobuslinien-in-der-mecklenburgischen-seenplatte\/","og_locale":"en_GB","og_type":"article","og_title":"Neubrandenburg: Drei neue Regiobuslinien in der Mecklenburgischen Seenplatte - VMV-Verkehrsgesellschaft Mecklenburg-Vorpommern","og_description":"Ines Jesse, Staatssekret\u00e4rin im Ministerium f\u00fcr Wirtschaft, Infrastruktur, Tourismus und Arbeit Mecklenburg-Vorpommern, hat heute in Neubrandenburg den offiziellen Startschuss der drei neuen Regiobuslinien 403 (Malchin \u2013 Waren), 500 (Neubrandenburg \u2013 Friedland) und 619 (Neustrelitz \u2013 Feldberg) im Landkreis Mecklenburgische Seenplatte gegeben. Die Linien sind bereits seit dem 6. Oktober 2025 in Betrieb.","og_url":"https:\/\/www.vmv-mbh.de\/en\/neubrandenburg-drei-neue-regiobuslinien-in-der-mecklenburgischen-seenplatte\/","og_site_name":"VMV-Verkehrsgesellschaft Mecklenburg-Vorpommern","article_published_time":"2025-10-22T09:41:20+00:00","article_modified_time":"2025-10-27T12:17:53+00:00","og_image":[{"width":1024,"height":683,"url":"https:\/\/www.vmv-mbh.de\/wp-content\/uploads\/c_Fotostudio-Pixelperle_20251022-2-1024x683.jpg","type":"image\/jpeg"}],"author":"PS-2","twitter_card":"summary_large_image","twitter_misc":{"Written by":"PS-2","Estimated reading time":"3 minutes"},"schema":{"@context":"https:\/\/schema.org","@graph":[{"@type":"Article","@id":"https:\/\/www.vmv-mbh.de\/neubrandenburg-drei-neue-regiobuslinien-in-der-mecklenburgischen-seenplatte\/#article","isPartOf":{"@id":"https:\/\/www.vmv-mbh.de\/neubrandenburg-drei-neue-regiobuslinien-in-der-mecklenburgischen-seenplatte\/"},"author":{"name":"PS-2","@id":"https:\/\/www.vmv-mbh.de\/#\/schema\/person\/6a0351a481204e9b223f3a62eebf686b"},"headline":"Neubrandenburg: Drei neue Regiobuslinien in der Mecklenburgischen Seenplatte","datePublished":"2025-10-22T09:41:20+00:00","dateModified":"2025-10-27T12:17:53+00:00","mainEntityOfPage":{"@id":"https:\/\/www.vmv-mbh.de\/neubrandenburg-drei-neue-regiobuslinien-in-der-mecklenburgischen-seenplatte\/"},"wordCount":428,"publisher":{"@id":"https:\/\/www.vmv-mbh.de\/#organization"},"image":{"@id":"https:\/\/www.vmv-mbh.de\/neubrandenburg-drei-neue-regiobuslinien-in-der-mecklenburgischen-seenplatte\/#primaryimage"},"thumbnailUrl":"https:\/\/www.vmv-mbh.de\/wp-content\/uploads\/c_Fotostudio-Pixelperle_20251022-2.jpg","keywords":["Mecklenburgische Seenplatte","Regiobus MV","mvvg","Mecklenburg-Vorpommern"],"articleSection":["Allgemein"],"inLanguage":"en-GB"},{"@type":"WebPage","@id":"https:\/\/www.vmv-mbh.de\/neubrandenburg-drei-neue-regiobuslinien-in-der-mecklenburgischen-seenplatte\/","url":"https:\/\/www.vmv-mbh.de\/neubrandenburg-drei-neue-regiobuslinien-in-der-mecklenburgischen-seenplatte\/","name":"Neubrandenburg: Drei neue Regiobuslinien in der Mecklenburgischen Seenplatte - VMV-Verkehrsgesellschaft Mecklenburg-Vorpommern","isPartOf":{"@id":"https:\/\/www.vmv-mbh.de\/#website"},"primaryImageOfPage":{"@id":"https:\/\/www.vmv-mbh.de\/neubrandenburg-drei-neue-regiobuslinien-in-der-mecklenburgischen-seenplatte\/#primaryimage"},"image":{"@id":"https:\/\/www.vmv-mbh.de\/neubrandenburg-drei-neue-regiobuslinien-in-der-mecklenburgischen-seenplatte\/#primaryimage"},"thumbnailUrl":"https:\/\/www.vmv-mbh.de\/wp-content\/uploads\/c_Fotostudio-Pixelperle_20251022-2.jpg","datePublished":"2025-10-22T09:41:20+00:00","dateModified":"2025-10-27T12:17:53+00:00","description":"Ines Jesse, Staatssekret\u00e4rin im Ministerium f\u00fcr Wirtschaft, Infrastruktur, Tourismus und Arbeit Mecklenburg-Vorpommern, hat heute in Neubrandenburg den offiziellen Startschuss der drei neuen Regiobuslinien 403 (Malchin \u2013 Waren), 500 (Neubrandenburg \u2013 Friedland) und 619 (Neustrelitz \u2013 Feldberg) im Landkreis Mecklenburgische Seenplatte gegeben. Die Linien sind bereits seit dem 6. Oktober 2025 in Betrieb.","breadcrumb":{"@id":"https:\/\/www.vmv-mbh.de\/neubrandenburg-drei-neue-regiobuslinien-in-der-mecklenburgischen-seenplatte\/#breadcrumb"},"inLanguage":"en-GB","potentialAction":[{"@type":"ReadAction","target":["https:\/\/www.vmv-mbh.de\/neubrandenburg-drei-neue-regiobuslinien-in-der-mecklenburgischen-seenplatte\/"]}]},{"@type":"ImageObject","inLanguage":"en-GB","@id":"https:\/\/www.vmv-mbh.de\/neubrandenburg-drei-neue-regiobuslinien-in-der-mecklenburgischen-seenplatte\/#primaryimage","url":"https:\/\/www.vmv-mbh.de\/wp-content\/uploads\/c_Fotostudio-Pixelperle_20251022-2.jpg","contentUrl":"https:\/\/www.vmv-mbh.de\/wp-content\/uploads\/c_Fotostudio-Pixelperle_20251022-2.jpg","width":5472,"height":3648},{"@type":"BreadcrumbList","@id":"https:\/\/www.vmv-mbh.de\/neubrandenburg-drei-neue-regiobuslinien-in-der-mecklenburgischen-seenplatte\/#breadcrumb","itemListElement":[{"@type":"ListItem","position":1,"name":"Startseite","item":"https:\/\/www.vmv-mbh.de\/"},{"@type":"ListItem","position":2,"name":"Neubrandenburg: Drei neue Regiobuslinien in der Mecklenburgischen Seenplatte"}]},{"@type":"WebSite","@id":"https:\/\/www.vmv-mbh.de\/#website","url":"https:\/\/www.vmv-mbh.de\/","name":"VMV Transport Company Mecklenburg-Western Pomerania","description":"VMV - Verkehrsgesellschaft M-V","publisher":{"@id":"https:\/\/www.vmv-mbh.de\/#organization"},"potentialAction":[{"@type":"SearchAction","target":{"@type":"EntryPoint","urlTemplate":"https:\/\/www.vmv-mbh.de\/?s={search_term_string}"},"query-input":{"@type":"PropertyValueSpecification","valueRequired":true,"valueName":"search_term_string"}}],"inLanguage":"en-GB"},{"@type":"Organization","@id":"https:\/\/www.vmv-mbh.de\/#organization","name":"VMV - Verkehrsgesellschaft Mecklenburg-Vorpommern mbH","url":"https:\/\/www.vmv-mbh.de\/","logo":{"@type":"ImageObject","inLanguage":"en-GB","@id":"https:\/\/www.vmv-mbh.de\/#\/schema\/logo\/image\/","url":"https:\/\/www.vmv-mbh.de\/wp-content\/uploads\/brand-vmv-vmv-logo-quer-inv.png","contentUrl":"https:\/\/www.vmv-mbh.de\/wp-content\/uploads\/brand-vmv-vmv-logo-quer-inv.png","width":384,"height":64,"caption":"VMV \u2013 Verkehrsgesellschaft Mecklenburg-Vorpommern mbH"},"image":{"@id":"https:\/\/www.vmv-mbh.de\/#\/schema\/logo\/image\/"}},{"@type":"Person","@id":"https:\/\/www.vmv-mbh.de\/#\/schema\/person\/6a0351a481204e9b223f3a62eebf686b","name":"PS-2","image":{"@type":"ImageObject","inLanguage":"en-GB","@id":"https:\/\/secure.gravatar.com\/avatar\/4030b641b3c1da7099f5e08231fbadb6b19b8eaa9e54909ff4f3523948e8daf3?s=96&d=mm&r=g","url":"https:\/\/secure.gravatar.com\/avatar\/4030b641b3c1da7099f5e08231fbadb6b19b8eaa9e54909ff4f3523948e8daf3?s=96&d=mm&r=g","contentUrl":"https:\/\/secure.gravatar.com\/avatar\/4030b641b3c1da7099f5e08231fbadb6b19b8eaa9e54909ff4f3523948e8daf3?s=96&d=mm&r=g","caption":"PS-2"},"url":"https:\/\/www.vmv-mbh.de\/en\/author\/diana-raeth\/"}]}},"_links":{"self":[{"href":"https:\/\/www.vmv-mbh.de\/en\/wp-json\/wp\/v2\/posts\/3731","targetHints":{"allow":["GET"]}}],"collection":[{"href":"https:\/\/www.vmv-mbh.de\/en\/wp-json\/wp\/v2\/posts"}],"about":[{"href":"https:\/\/www.vmv-mbh.de\/en\/wp-json\/wp\/v2\/types\/post"}],"author":[{"embeddable":true,"href":"https:\/\/www.vmv-mbh.de\/en\/wp-json\/wp\/v2\/users\/6"}],"replies":[{"embeddable":true,"href":"https:\/\/www.vmv-mbh.de\/en\/wp-json\/wp\/v2\/comments?post=3731"}],"version-history":[{"count":0,"href":"https:\/\/www.vmv-mbh.de\/en\/wp-json\/wp\/v2\/posts\/3731\/revisions"}],"wp:featuredmedia":[{"embeddable":true,"href":"https:\/\/www.vmv-mbh.de\/en\/wp-json\/wp\/v2\/media\/3732"}],"wp:attachment":[{"href":"https:\/\/www.vmv-mbh.de\/en\/wp-json\/wp\/v2\/media?parent=3731"}],"wp:term":[{"taxonomy":"category","embeddable":true,"href":"https:\/\/www.vmv-mbh.de\/en\/wp-json\/wp\/v2\/categories?post=3731"},{"taxonomy":"post_tag","embeddable":true,"href":"https:\/\/www.vmv-mbh.de\/en\/wp-json\/wp\/v2\/tags?post=3731"}],"curies":[{"name":"wp","href":"https:\/\/api.w.org\/{rel}","templated":true}]}}