{"id":3806,"date":"2026-01-15T11:42:17","date_gmt":"2026-01-15T10:42:17","guid":{"rendered":"https:\/\/www.vmv-mbh.de\/?p=3806"},"modified":"2026-01-16T11:45:54","modified_gmt":"2026-01-16T10:45:54","slug":"3806-2","status":"publish","type":"post","link":"https:\/\/www.vmv-mbh.de\/en\/3806-2\/","title":{"rendered":"Ludwigslust: Staatssekret\u00e4rin Jesse informiert sich \u00fcber Stand der Generalsanierung der Strecke Hamburg-Berlin"},"content":{"rendered":"<p>Press release of the Ministry of Economy, Infrastructure, Tourism and Labour<\/p>\n<div class=\"element dvz-contenttype-presseserviceassistent element_100\">\n<div class=\"absatz\">\n<div class=\"dvz-contenttype-pagetitle element element_100\">\n<h5>Ines Jesse: \u201eDie Investitionen in eine leistungsf\u00e4hige Schieneninfrastruktur sind richtig und notwendig. Gerade f\u00fcr die Pendlerinnen und Pendler ist es wichtig, dass die Ma\u00dfnahmen planm\u00e4\u00dfig und verl\u00e4sslich abgeschlossen werden.\u201c<\/h5>\n<\/div>\n<div class=\"element dvz-contenttype-presseserviceassistent element_100\">\n<div class=\"absatz\">\n<p>Im Zuge der Generalsanierung der Bahnstrecke Hamburg\u2013Berlin im Zeitraum vom 1. August 2025 bis zum 30. April 2026 werden auch in Mecklenburg-Vorpommern umfangreiche Infrastrukturma\u00dfnahmen umgesetzt. Ines Jesse, Staatssekret\u00e4rin im Ministerium f\u00fcr Wirtschaft, Infrastruktur, Tourismus und Arbeit, informierte sich heute am Bahnhof Ludwigslust \u00fcber den aktuellen Stand der Arbeiten vor Ort.<\/p>\n<p>\u201eDie Modernisierung der Schieneninfrastruktur ist eine zentrale Voraussetzung f\u00fcr einen leistungsf\u00e4higen und zukunftsfesten Bahnverkehr in Mecklenburg-Vorpommern, von der Menschen und Unternehmen in unserem Land nachhaltig profitieren m\u00fcssen. Die Investitionen entlang des Hochleistungskorridors Hamburg-Berlin sind daher richtig und notwendig. Gleichzeitig ist entscheidend, dass die Ma\u00dfnahmen termingerecht abgeschlossen werden, damit insbesondere Pendlerinnen und Pendler sowie Unternehmen in Mecklenburg-Vorpommern verl\u00e4sslich planen k\u00f6nnen\u201c, betonte Staatssekret\u00e4rin Jesse.<\/p>\n<p>Im Mittelpunkt des Termins standen exemplarisch die Arbeiten im Bereich des Bahnhofs Ludwigslust, darunter Gleise, Weichen, Oberleitungen und Bahnsteigd\u00e4cher, sowie die Eisenbahn\u00fcberf\u00fchrung \u00fcber den Ludwigsluster Kanal. Die Ma\u00dfnahmen sind Teil der Generalsanierung des Hochleistungskorridors, mit der die Leistungsf\u00e4higkeit, Zuverl\u00e4ssigkeit und Qualit\u00e4t des Bahnverkehrs nachhaltig verbessert werden soll. Die Verbindung Hamburg-Berlin z\u00e4hlt zu den wichtigsten Schienenachsen Deutschlands und hat eine herausragende Bedeutung f\u00fcr den Personen- und G\u00fcterverkehr in Mecklenburg-Vorpommern.<\/p>\n<p>\u201eUm die erheblichen Einschr\u00e4nkungen f\u00fcr die Pendlerinnen und Pendler sowie alle Reisenden w\u00e4hrend der Steckensperrung so gering wie m\u00f6glich zu halten, stellt das Land f\u00fcr den Ersatzverkehr 25 Millionen Euro bereit\u201c, sagte Staatssekret\u00e4rin Jesse.<\/p>\n<\/div>\n<\/div>\n<p>&nbsp;<\/p>\n<\/div>\n<\/div>","protected":false},"excerpt":{"rendered":"<p>Pressemitteilung des Ministeriums f\u00fcr Wirtschaft, Infrastruktur, Tourismus und Arbeit Ines Jesse: \u201eDie Investitionen in eine leistungsf\u00e4hige Schieneninfrastruktur sind richtig und notwendig. Gerade f\u00fcr die Pendlerinnen und Pendler ist es wichtig, dass die Ma\u00dfnahmen planm\u00e4\u00dfig und verl\u00e4sslich abgeschlossen werden.\u201c Im Zuge der Generalsanierung der Bahnstrecke Hamburg\u2013Berlin im Zeitraum vom 1. August 2025 bis zum 30. April&hellip;<\/p>","protected":false},"author":7,"featured_media":3803,"comment_status":"closed","ping_status":"closed","sticky":false,"template":"","format":"standard","meta":{"_acf_changed":false,"footnotes":""},"categories":[1],"tags":[370,369,353,222,150],"class_list":["post-3806","post","type-post","status-publish","format-standard","has-post-thumbnail","hentry","category-allgemein","tag-ludwigslust","tag-baustellenbegehung","tag-tourismus-und-arbeit","tag-verkehrsstaatssekretaerin-ines-jesse","tag-infrastruktur"],"acf":[],"yoast_head":"<!-- This site is optimized with the Yoast SEO plugin v27.4 - https:\/\/yoast.com\/product\/yoast-seo-wordpress\/ -->\n<title>Ludwigslust: Staatssekret\u00e4rin Jesse informiert sich \u00fcber Stand der Generalsanierung der Strecke Hamburg-Berlin - VMV-Verkehrsgesellschaft Mecklenburg-Vorpommern<\/title>\n<meta name=\"description\" content=\"Staatssekret\u00e4rin Ines Jesse informiert sich am 15. Januar 2026 \u00fcber den Stand der Infrastrukturma\u00dfnahmen im Zusammenhang mit der Generalsanierung\u00a0Im Rahmen der Generalsanierung der Bahnstrecke Hamburg\u2013Berlin werden auch umfangreiche Infrastrukturma\u00dfnahmen in Mecklenburg-Vorpommern durchgef\u00fchrt.\" \/>\n<meta name=\"robots\" content=\"index, follow, max-snippet:-1, max-image-preview:large, max-video-preview:-1\" \/>\n<link rel=\"canonical\" href=\"https:\/\/www.vmv-mbh.de\/en\/3806-2\/\" \/>\n<meta property=\"og:locale\" content=\"en_GB\" \/>\n<meta property=\"og:type\" content=\"article\" \/>\n<meta property=\"og:title\" content=\"Ludwigslust: Staatssekret\u00e4rin Jesse informiert sich \u00fcber Stand der Generalsanierung der Strecke Hamburg-Berlin - VMV-Verkehrsgesellschaft Mecklenburg-Vorpommern\" \/>\n<meta property=\"og:description\" content=\"Staatssekret\u00e4rin Ines Jesse informiert sich am 15. Januar 2026 \u00fcber den Stand der Infrastrukturma\u00dfnahmen im Zusammenhang mit der Generalsanierung\u00a0Im Rahmen der Generalsanierung der Bahnstrecke Hamburg\u2013Berlin werden auch umfangreiche Infrastrukturma\u00dfnahmen in Mecklenburg-Vorpommern durchgef\u00fchrt.\" \/>\n<meta property=\"og:url\" content=\"https:\/\/www.vmv-mbh.de\/en\/3806-2\/\" \/>\n<meta property=\"og:site_name\" content=\"VMV-Verkehrsgesellschaft Mecklenburg-Vorpommern\" \/>\n<meta property=\"article:published_time\" content=\"2026-01-15T10:42:17+00:00\" \/>\n<meta property=\"article:modified_time\" content=\"2026-01-16T10:45:54+00:00\" \/>\n<meta property=\"og:image\" content=\"https:\/\/www.vmv-mbh.de\/wp-content\/uploads\/20260115_112008.jpg\" \/>\n\t<meta property=\"og:image:width\" content=\"2000\" \/>\n\t<meta property=\"og:image:height\" content=\"1126\" \/>\n\t<meta property=\"og:image:type\" content=\"image\/jpeg\" \/>\n<meta name=\"author\" content=\"Katharina Henkel\" \/>\n<meta name=\"twitter:card\" content=\"summary_large_image\" \/>\n<meta name=\"twitter:label1\" content=\"Written by\" \/>\n\t<meta name=\"twitter:data1\" content=\"Katharina Henkel\" \/>\n\t<meta name=\"twitter:label2\" content=\"Estimated reading time\" \/>\n\t<meta name=\"twitter:data2\" content=\"2 minutes\" \/>\n<script type=\"application\/ld+json\" class=\"yoast-schema-graph\">{\"@context\":\"https:\\\/\\\/schema.org\",\"@graph\":[{\"@type\":\"Article\",\"@id\":\"https:\\\/\\\/www.vmv-mbh.de\\\/en\\\/3806-2\\\/#article\",\"isPartOf\":{\"@id\":\"https:\\\/\\\/www.vmv-mbh.de\\\/en\\\/3806-2\\\/\"},\"author\":{\"name\":\"Katharina Henkel\",\"@id\":\"https:\\\/\\\/www.vmv-mbh.de\\\/#\\\/schema\\\/person\\\/2cfafd86deaee1c537177c43b9314933\"},\"headline\":\"Ludwigslust: Staatssekret\u00e4rin Jesse informiert sich \u00fcber Stand der Generalsanierung der Strecke Hamburg-Berlin\",\"datePublished\":\"2026-01-15T10:42:17+00:00\",\"dateModified\":\"2026-01-16T10:45:54+00:00\",\"mainEntityOfPage\":{\"@id\":\"https:\\\/\\\/www.vmv-mbh.de\\\/en\\\/3806-2\\\/\"},\"wordCount\":294,\"publisher\":{\"@id\":\"https:\\\/\\\/www.vmv-mbh.de\\\/#organization\"},\"image\":{\"@id\":\"https:\\\/\\\/www.vmv-mbh.de\\\/en\\\/3806-2\\\/#primaryimage\"},\"thumbnailUrl\":\"https:\\\/\\\/www.vmv-mbh.de\\\/wp-content\\\/uploads\\\/20260115_112008.jpg\",\"keywords\":[\"Ludwigslust\",\"Baustellenbegehung\",\"Tourismus und Arbeit\",\"Verkehrsstaatssekret\u00e4rin Ines Jesse\",\"Infrastruktur\"],\"articleSection\":[\"Allgemein\"],\"inLanguage\":\"en-GB\"},{\"@type\":\"WebPage\",\"@id\":\"https:\\\/\\\/www.vmv-mbh.de\\\/en\\\/3806-2\\\/\",\"url\":\"https:\\\/\\\/www.vmv-mbh.de\\\/en\\\/3806-2\\\/\",\"name\":\"Ludwigslust: Staatssekret\u00e4rin Jesse informiert sich \u00fcber Stand der Generalsanierung der Strecke Hamburg-Berlin - VMV-Verkehrsgesellschaft Mecklenburg-Vorpommern\",\"isPartOf\":{\"@id\":\"https:\\\/\\\/www.vmv-mbh.de\\\/#website\"},\"primaryImageOfPage\":{\"@id\":\"https:\\\/\\\/www.vmv-mbh.de\\\/en\\\/3806-2\\\/#primaryimage\"},\"image\":{\"@id\":\"https:\\\/\\\/www.vmv-mbh.de\\\/en\\\/3806-2\\\/#primaryimage\"},\"thumbnailUrl\":\"https:\\\/\\\/www.vmv-mbh.de\\\/wp-content\\\/uploads\\\/20260115_112008.jpg\",\"datePublished\":\"2026-01-15T10:42:17+00:00\",\"dateModified\":\"2026-01-16T10:45:54+00:00\",\"description\":\"Staatssekret\u00e4rin Ines Jesse informiert sich am 15. Januar 2026 \u00fcber den Stand der Infrastrukturma\u00dfnahmen im Zusammenhang mit der Generalsanierung\u00a0Im Rahmen der Generalsanierung der Bahnstrecke Hamburg\u2013Berlin werden auch umfangreiche Infrastrukturma\u00dfnahmen in Mecklenburg-Vorpommern durchgef\u00fchrt.\",\"breadcrumb\":{\"@id\":\"https:\\\/\\\/www.vmv-mbh.de\\\/en\\\/3806-2\\\/#breadcrumb\"},\"inLanguage\":\"en-GB\",\"potentialAction\":[{\"@type\":\"ReadAction\",\"target\":[\"https:\\\/\\\/www.vmv-mbh.de\\\/en\\\/3806-2\\\/\"]}]},{\"@type\":\"ImageObject\",\"inLanguage\":\"en-GB\",\"@id\":\"https:\\\/\\\/www.vmv-mbh.de\\\/en\\\/3806-2\\\/#primaryimage\",\"url\":\"https:\\\/\\\/www.vmv-mbh.de\\\/wp-content\\\/uploads\\\/20260115_112008.jpg\",\"contentUrl\":\"https:\\\/\\\/www.vmv-mbh.de\\\/wp-content\\\/uploads\\\/20260115_112008.jpg\",\"width\":2000,\"height\":1126},{\"@type\":\"BreadcrumbList\",\"@id\":\"https:\\\/\\\/www.vmv-mbh.de\\\/en\\\/3806-2\\\/#breadcrumb\",\"itemListElement\":[{\"@type\":\"ListItem\",\"position\":1,\"name\":\"Startseite\",\"item\":\"https:\\\/\\\/www.vmv-mbh.de\\\/\"},{\"@type\":\"ListItem\",\"position\":2,\"name\":\"Ludwigslust: Staatssekret\u00e4rin Jesse informiert sich \u00fcber Stand der Generalsanierung der Strecke Hamburg-Berlin\"}]},{\"@type\":\"WebSite\",\"@id\":\"https:\\\/\\\/www.vmv-mbh.de\\\/#website\",\"url\":\"https:\\\/\\\/www.vmv-mbh.de\\\/\",\"name\":\"VMV-Verkehrsgesellschaft Mecklenburg-Vorpommern\",\"description\":\"VMV \u2013 Verkehrsgesellschaft M-V\",\"publisher\":{\"@id\":\"https:\\\/\\\/www.vmv-mbh.de\\\/#organization\"},\"potentialAction\":[{\"@type\":\"SearchAction\",\"target\":{\"@type\":\"EntryPoint\",\"urlTemplate\":\"https:\\\/\\\/www.vmv-mbh.de\\\/?s={search_term_string}\"},\"query-input\":{\"@type\":\"PropertyValueSpecification\",\"valueRequired\":true,\"valueName\":\"search_term_string\"}}],\"inLanguage\":\"en-GB\"},{\"@type\":\"Organization\",\"@id\":\"https:\\\/\\\/www.vmv-mbh.de\\\/#organization\",\"name\":\"VMV \u2013 Verkehrsgesellschaft Mecklenburg-Vorpommern mbH\",\"url\":\"https:\\\/\\\/www.vmv-mbh.de\\\/\",\"logo\":{\"@type\":\"ImageObject\",\"inLanguage\":\"en-GB\",\"@id\":\"https:\\\/\\\/www.vmv-mbh.de\\\/#\\\/schema\\\/logo\\\/image\\\/\",\"url\":\"https:\\\/\\\/www.vmv-mbh.de\\\/wp-content\\\/uploads\\\/brand-vmv-vmv-logo-quer-inv.png\",\"contentUrl\":\"https:\\\/\\\/www.vmv-mbh.de\\\/wp-content\\\/uploads\\\/brand-vmv-vmv-logo-quer-inv.png\",\"width\":384,\"height\":64,\"caption\":\"VMV \u2013 Verkehrsgesellschaft Mecklenburg-Vorpommern mbH\"},\"image\":{\"@id\":\"https:\\\/\\\/www.vmv-mbh.de\\\/#\\\/schema\\\/logo\\\/image\\\/\"}},{\"@type\":\"Person\",\"@id\":\"https:\\\/\\\/www.vmv-mbh.de\\\/#\\\/schema\\\/person\\\/2cfafd86deaee1c537177c43b9314933\",\"name\":\"Katharina Henkel\",\"image\":{\"@type\":\"ImageObject\",\"inLanguage\":\"en-GB\",\"@id\":\"https:\\\/\\\/secure.gravatar.com\\\/avatar\\\/b93e9f247cea2317b341cba121c5ed6a4745d9d131daf85983e78af1dab7631d?s=96&d=mm&r=g\",\"url\":\"https:\\\/\\\/secure.gravatar.com\\\/avatar\\\/b93e9f247cea2317b341cba121c5ed6a4745d9d131daf85983e78af1dab7631d?s=96&d=mm&r=g\",\"contentUrl\":\"https:\\\/\\\/secure.gravatar.com\\\/avatar\\\/b93e9f247cea2317b341cba121c5ed6a4745d9d131daf85983e78af1dab7631d?s=96&d=mm&r=g\",\"caption\":\"Katharina Henkel\"},\"url\":\"https:\\\/\\\/www.vmv-mbh.de\\\/en\\\/author\\\/katharina-henkel\\\/\"}]}<\/script>\n<!-- \/ Yoast SEO plugin. -->","yoast_head_json":{"title":"Ludwigslust: Staatssekret\u00e4rin Jesse informiert sich \u00fcber Stand der Generalsanierung der Strecke Hamburg-Berlin - VMV-Verkehrsgesellschaft Mecklenburg-Vorpommern","description":"Staatssekret\u00e4rin Ines Jesse informiert sich am 15. Januar 2026 \u00fcber den Stand der Infrastrukturma\u00dfnahmen im Zusammenhang mit der Generalsanierung\u00a0Im Rahmen der Generalsanierung der Bahnstrecke Hamburg\u2013Berlin werden auch umfangreiche Infrastrukturma\u00dfnahmen in Mecklenburg-Vorpommern durchgef\u00fchrt.","robots":{"index":"index","follow":"follow","max-snippet":"max-snippet:-1","max-image-preview":"max-image-preview:large","max-video-preview":"max-video-preview:-1"},"canonical":"https:\/\/www.vmv-mbh.de\/en\/3806-2\/","og_locale":"en_GB","og_type":"article","og_title":"Ludwigslust: Staatssekret\u00e4rin Jesse informiert sich \u00fcber Stand der Generalsanierung der Strecke Hamburg-Berlin - VMV-Verkehrsgesellschaft Mecklenburg-Vorpommern","og_description":"Staatssekret\u00e4rin Ines Jesse informiert sich am 15. Januar 2026 \u00fcber den Stand der Infrastrukturma\u00dfnahmen im Zusammenhang mit der Generalsanierung\u00a0Im Rahmen der Generalsanierung der Bahnstrecke Hamburg\u2013Berlin werden auch umfangreiche Infrastrukturma\u00dfnahmen in Mecklenburg-Vorpommern durchgef\u00fchrt.","og_url":"https:\/\/www.vmv-mbh.de\/en\/3806-2\/","og_site_name":"VMV-Verkehrsgesellschaft Mecklenburg-Vorpommern","article_published_time":"2026-01-15T10:42:17+00:00","article_modified_time":"2026-01-16T10:45:54+00:00","og_image":[{"width":2000,"height":1126,"url":"https:\/\/www.vmv-mbh.de\/wp-content\/uploads\/20260115_112008.jpg","type":"image\/jpeg"}],"author":"Katharina Henkel","twitter_card":"summary_large_image","twitter_misc":{"Written by":"Katharina Henkel","Estimated reading time":"2 minutes"},"schema":{"@context":"https:\/\/schema.org","@graph":[{"@type":"Article","@id":"https:\/\/www.vmv-mbh.de\/en\/3806-2\/#article","isPartOf":{"@id":"https:\/\/www.vmv-mbh.de\/en\/3806-2\/"},"author":{"name":"Katharina Henkel","@id":"https:\/\/www.vmv-mbh.de\/#\/schema\/person\/2cfafd86deaee1c537177c43b9314933"},"headline":"Ludwigslust: Staatssekret\u00e4rin Jesse informiert sich \u00fcber Stand der Generalsanierung der Strecke Hamburg-Berlin","datePublished":"2026-01-15T10:42:17+00:00","dateModified":"2026-01-16T10:45:54+00:00","mainEntityOfPage":{"@id":"https:\/\/www.vmv-mbh.de\/en\/3806-2\/"},"wordCount":294,"publisher":{"@id":"https:\/\/www.vmv-mbh.de\/#organization"},"image":{"@id":"https:\/\/www.vmv-mbh.de\/en\/3806-2\/#primaryimage"},"thumbnailUrl":"https:\/\/www.vmv-mbh.de\/wp-content\/uploads\/20260115_112008.jpg","keywords":["Ludwigslust","Baustellenbegehung","Tourismus und Arbeit","Verkehrsstaatssekret\u00e4rin Ines Jesse","Infrastruktur"],"articleSection":["Allgemein"],"inLanguage":"en-GB"},{"@type":"WebPage","@id":"https:\/\/www.vmv-mbh.de\/en\/3806-2\/","url":"https:\/\/www.vmv-mbh.de\/en\/3806-2\/","name":"Ludwigslust: Staatssekret\u00e4rin Jesse informiert sich \u00fcber Stand der Generalsanierung der Strecke Hamburg-Berlin - VMV-Verkehrsgesellschaft Mecklenburg-Vorpommern","isPartOf":{"@id":"https:\/\/www.vmv-mbh.de\/#website"},"primaryImageOfPage":{"@id":"https:\/\/www.vmv-mbh.de\/en\/3806-2\/#primaryimage"},"image":{"@id":"https:\/\/www.vmv-mbh.de\/en\/3806-2\/#primaryimage"},"thumbnailUrl":"https:\/\/www.vmv-mbh.de\/wp-content\/uploads\/20260115_112008.jpg","datePublished":"2026-01-15T10:42:17+00:00","dateModified":"2026-01-16T10:45:54+00:00","description":"Staatssekret\u00e4rin Ines Jesse informiert sich am 15. Januar 2026 \u00fcber den Stand der Infrastrukturma\u00dfnahmen im Zusammenhang mit der Generalsanierung\u00a0Im Rahmen der Generalsanierung der Bahnstrecke Hamburg\u2013Berlin werden auch umfangreiche Infrastrukturma\u00dfnahmen in Mecklenburg-Vorpommern durchgef\u00fchrt.","breadcrumb":{"@id":"https:\/\/www.vmv-mbh.de\/en\/3806-2\/#breadcrumb"},"inLanguage":"en-GB","potentialAction":[{"@type":"ReadAction","target":["https:\/\/www.vmv-mbh.de\/en\/3806-2\/"]}]},{"@type":"ImageObject","inLanguage":"en-GB","@id":"https:\/\/www.vmv-mbh.de\/en\/3806-2\/#primaryimage","url":"https:\/\/www.vmv-mbh.de\/wp-content\/uploads\/20260115_112008.jpg","contentUrl":"https:\/\/www.vmv-mbh.de\/wp-content\/uploads\/20260115_112008.jpg","width":2000,"height":1126},{"@type":"BreadcrumbList","@id":"https:\/\/www.vmv-mbh.de\/en\/3806-2\/#breadcrumb","itemListElement":[{"@type":"ListItem","position":1,"name":"Startseite","item":"https:\/\/www.vmv-mbh.de\/"},{"@type":"ListItem","position":2,"name":"Ludwigslust: Staatssekret\u00e4rin Jesse informiert sich \u00fcber Stand der Generalsanierung der Strecke Hamburg-Berlin"}]},{"@type":"WebSite","@id":"https:\/\/www.vmv-mbh.de\/#website","url":"https:\/\/www.vmv-mbh.de\/","name":"VMV Transport Company Mecklenburg-Western Pomerania","description":"VMV - Verkehrsgesellschaft M-V","publisher":{"@id":"https:\/\/www.vmv-mbh.de\/#organization"},"potentialAction":[{"@type":"SearchAction","target":{"@type":"EntryPoint","urlTemplate":"https:\/\/www.vmv-mbh.de\/?s={search_term_string}"},"query-input":{"@type":"PropertyValueSpecification","valueRequired":true,"valueName":"search_term_string"}}],"inLanguage":"en-GB"},{"@type":"Organization","@id":"https:\/\/www.vmv-mbh.de\/#organization","name":"VMV - Verkehrsgesellschaft Mecklenburg-Vorpommern mbH","url":"https:\/\/www.vmv-mbh.de\/","logo":{"@type":"ImageObject","inLanguage":"en-GB","@id":"https:\/\/www.vmv-mbh.de\/#\/schema\/logo\/image\/","url":"https:\/\/www.vmv-mbh.de\/wp-content\/uploads\/brand-vmv-vmv-logo-quer-inv.png","contentUrl":"https:\/\/www.vmv-mbh.de\/wp-content\/uploads\/brand-vmv-vmv-logo-quer-inv.png","width":384,"height":64,"caption":"VMV \u2013 Verkehrsgesellschaft Mecklenburg-Vorpommern mbH"},"image":{"@id":"https:\/\/www.vmv-mbh.de\/#\/schema\/logo\/image\/"}},{"@type":"Person","@id":"https:\/\/www.vmv-mbh.de\/#\/schema\/person\/2cfafd86deaee1c537177c43b9314933","name":"Katharina Henkel","image":{"@type":"ImageObject","inLanguage":"en-GB","@id":"https:\/\/secure.gravatar.com\/avatar\/b93e9f247cea2317b341cba121c5ed6a4745d9d131daf85983e78af1dab7631d?s=96&d=mm&r=g","url":"https:\/\/secure.gravatar.com\/avatar\/b93e9f247cea2317b341cba121c5ed6a4745d9d131daf85983e78af1dab7631d?s=96&d=mm&r=g","contentUrl":"https:\/\/secure.gravatar.com\/avatar\/b93e9f247cea2317b341cba121c5ed6a4745d9d131daf85983e78af1dab7631d?s=96&d=mm&r=g","caption":"Katharina Henkel"},"url":"https:\/\/www.vmv-mbh.de\/en\/author\/katharina-henkel\/"}]}},"_links":{"self":[{"href":"https:\/\/www.vmv-mbh.de\/en\/wp-json\/wp\/v2\/posts\/3806","targetHints":{"allow":["GET"]}}],"collection":[{"href":"https:\/\/www.vmv-mbh.de\/en\/wp-json\/wp\/v2\/posts"}],"about":[{"href":"https:\/\/www.vmv-mbh.de\/en\/wp-json\/wp\/v2\/types\/post"}],"author":[{"embeddable":true,"href":"https:\/\/www.vmv-mbh.de\/en\/wp-json\/wp\/v2\/users\/7"}],"replies":[{"embeddable":true,"href":"https:\/\/www.vmv-mbh.de\/en\/wp-json\/wp\/v2\/comments?post=3806"}],"version-history":[{"count":0,"href":"https:\/\/www.vmv-mbh.de\/en\/wp-json\/wp\/v2\/posts\/3806\/revisions"}],"wp:featuredmedia":[{"embeddable":true,"href":"https:\/\/www.vmv-mbh.de\/en\/wp-json\/wp\/v2\/media\/3803"}],"wp:attachment":[{"href":"https:\/\/www.vmv-mbh.de\/en\/wp-json\/wp\/v2\/media?parent=3806"}],"wp:term":[{"taxonomy":"category","embeddable":true,"href":"https:\/\/www.vmv-mbh.de\/en\/wp-json\/wp\/v2\/categories?post=3806"},{"taxonomy":"post_tag","embeddable":true,"href":"https:\/\/www.vmv-mbh.de\/en\/wp-json\/wp\/v2\/tags?post=3806"}],"curies":[{"name":"wp","href":"https:\/\/api.w.org\/{rel}","templated":true}]}}