{"id":3818,"date":"2026-01-27T13:30:00","date_gmt":"2026-01-27T12:30:00","guid":{"rendered":"https:\/\/www.vmv-mbh.de\/?p=3818"},"modified":"2026-01-28T12:03:14","modified_gmt":"2026-01-28T11:03:14","slug":"bilanz-1-000-tage-mobilitaetsoffensive","status":"publish","type":"post","link":"https:\/\/www.vmv-mbh.de\/en\/bilanz-1-000-tage-mobilitaetsoffensive\/","title":{"rendered":"Bilanz: 1.000 Tage Mobilit\u00e4tsoffensive"},"content":{"rendered":"<div data-elementor-type=\"wp-post\" data-elementor-id=\"3818\" class=\"elementor elementor-3818\" data-elementor-post-type=\"post\">\n\t\t\t\t\t\t<section class=\"elementor-section elementor-top-section elementor-element elementor-element-2b169c15 elementor-section-boxed elementor-section-height-default elementor-section-height-default\" data-id=\"2b169c15\" data-element_type=\"section\" data-e-type=\"section\">\n\t\t\t\t\t\t<div class=\"elementor-container elementor-column-gap-default\">\n\t\t\t\t\t<div class=\"elementor-column elementor-col-100 elementor-top-column elementor-element elementor-element-132477\" data-id=\"132477\" data-element_type=\"column\" data-e-type=\"column\">\n\t\t\t<div class=\"elementor-widget-wrap elementor-element-populated\">\n\t\t\t\t\t\t<div class=\"elementor-element elementor-element-490e5508 elementor-widget elementor-widget-text-editor\" data-id=\"490e5508\" data-element_type=\"widget\" data-e-type=\"widget\" data-widget_type=\"text-editor.default\">\n\t\t\t\t<div class=\"elementor-widget-container\">\n\t\t\t\t\t\t\t\t\t<div class=\"teaser_meta dtstart\">Press release of the Ministry of Economy, Infrastructure, Tourism and Labour<\/div><h4>Dr. Blank: \u201eDie Mobilit\u00e4tsoffensive des Landes wirkt. Das ist ein deutliches Plus an Lebensqualit\u00e4t in M-V\u201c<\/h4><p><strong>Schwerin, 27.01.2026.<\/strong> Im Rahmen einer Pressekonferenz hat Verkehrsminister Dr. Wolfgang Blank heute eine \u201esehr positive Zwischenbilanz\u201c der vor rund 1.000 Tagen gestarteten Mobilit\u00e4tsoffensive des Landes gezogen. \u201eWir haben das Angebot auf Schiene und Stra\u00dfe massiv ausgebaut. Heute fahren deutlich mehr Z\u00fcge in k\u00fcrzeren Abst\u00e4nden durchs Land. Seit 2023 haben wir au\u00dferdem 16 neue Regiobuslinien eingef\u00fchrt und dank der neuen Rufbusse gibt es heute auch in den kleinsten D\u00f6rfern eine echte Alternative zum Auto.\u201c Seniorinnen und Senioren und Auszubildende aus Mecklenburg-Vorpommern profitieren zudem von der Rabattierung des Deutschlandtickets. Das Land \u00fcbernimmt 20,00 Euro des Ticketpreises.<\/p><p>Von 2023 bis 2025 hat das Land rund 120 Millionen Euro in die verbesserte Mobilit\u00e4t der B\u00fcrgerinnen und B\u00fcrger investiert. F\u00fcr 2026 sind Investitionen von rund 60 Millionen Euro f\u00fcr die verschiedenen Ma\u00dfnahmen der Mobilit\u00e4tsoffensive geplant.<\/p><p>Die Mobilit\u00e4tsoffensive Mecklenburg-Vorpommern wurde der \u00d6ffentlichkeit am 5. April 2023 \u2013 vor 1.028 Tagen \u2013 vorgestellt.<\/p><p><strong>Die 1.000-Tage-Bilanz (Auszug):<\/strong><\/p><p>Einf\u00fchrung eines reduzierten Deutschlandtickets f\u00fcr Auszubildende und Seniorinnen und Senioren aus MV<\/p><p>-Die Zahl der vom Land bei den Eisenbahnunternehmen bestellten Leistungskilometer wurde auf 19,3 Mio. km erh\u00f6ht. Das sind rund 1,6 Millionen km oder 9% mehr als 2022, vor Beginn der Mobilit\u00e4tsoffensive.<\/p><p>-Einf\u00fchrung neuer Linien, zum Beispiel RE 30 (Stralsund \u2013 Angerm\u00fcnde), RE 50 (Rostock \u2013Neustrelitz)<\/p><p>-Verdichtung der Takte, zum Beispiel RB 12 Bad-Doberan \u2013 Rostock \u2013 Graal-M\u00fcritz<\/p><p>-Verbesserung der Schieneninfrastruktur, zum Beispiel Zweigleisigkeit im Abzweig Hagenow Land,<\/p><p>-Errichtung neuer Verkehrsstationen in Schwerin Industriepark, R\u00f6vershagen Karls Erlebnisdorf und Malchow-Krebssee<\/p><p>-Einf\u00fchrung von 16 neuen Regiobuslinien in f\u00fcnf Landkreisen<\/p><p>-Einf\u00fchrung eines fl\u00e4chendeckenden Rufbussystems in vier Landkreisen. Auch das Rufbus-Angebot in den Landkreisen Vorpommern-R\u00fcgen und Vorpommern-Greifswald wird weiter erweitert und erreicht derzeit eine Fl\u00e4chenabdeckung von rund 80 bzw. 65 Prozent.<\/p><p><strong>Minister Dr. Blank: Offensive geht 2026 weiter<\/strong><\/p><p>Dr. Wolfgang Blank: \u201eDie Mobilit\u00e4tsoffensive wirkt und zeigt klare Erfolge. Die neue Mobilit\u00e4t f\u00fcr unsere B\u00fcrgerinnen und B\u00fcrger ist ein deutliches Plus an Lebensqualit\u00e4t in Mecklenburg-Vorpommern. Diese Mobilit\u00e4tsoffensive ist eine Kraftanstrengung, die sich absolut auszahlt.\u201c<\/p><p>Auch im laufenden Jahr 2026 werde das Mobilit\u00e4tsangebot f\u00fcr die B\u00fcrgerinnen und B\u00fcrger weiter ausgebaut, so Minister Dr. Blank. So gebe es beispielsweise bereits seit Mitte Dezember 2025 erstmals eine st\u00fcndliche Nahverkehrsverbindung zwischen Stralsund, Pasewalk und Angerm\u00fcnde (weiter nach Berlin).<\/p><p><strong>Kritik an der Deutschen Bahn f\u00fcr ICE-Streichung<\/strong><\/p><p>F\u00fcr nicht vertretbar h\u00e4lt der Minister die Ank\u00fcndigung der Deutschen Bahn, nach Abschluss der Generalsanierung Hamburg-Berlin eine fr\u00fche ICE-Verbindung vom wirtschaftlichen Zentrum Rostock \u00fcber die Landeshauptstadt Schwerin nach Hamburg aus wirtschaftlichen Gr\u00fcnden zu streichen.<br \/>Dr. Blank: \u201eDas ist eine Entscheidung, die ich seit langem und mit Nachdruck kritisiere und die wir nicht klaglos hinnehmen. Wir stehen dazu seit Fr\u00fchjahr 2025 im Austausch mit der Deutschen Bahn und fordern eindringlich die R\u00fccknahme dieser Entscheidung. Wir lassen nicht locker und werden weiter Druck machen.\u201c<\/p>\t\t\t\t\t\t\t\t<\/div>\n\t\t\t\t<\/div>\n\t\t\t\t\t<\/div>\n\t\t<\/div>\n\t\t\t\t\t<\/div>\n\t\t<\/section>\n\t\t\t\t<\/div>","protected":false},"excerpt":{"rendered":"<p>Pressemitteilung des Ministeriums f\u00fcr Wirtschaft, Infrastruktur, Tourismus und Arbeit Dr. Blank: \u201eDie Mobilit\u00e4tsoffensive des Landes wirkt. Das ist ein deutliches Plus an Lebensqualit\u00e4t in M-V\u201c Schwerin, 27.01.2026. Im Rahmen einer Pressekonferenz hat Verkehrsminister Dr. Wolfgang Blank heute eine \u201esehr positive Zwischenbilanz\u201c der vor rund 1.000 Tagen gestarteten Mobilit\u00e4tsoffensive des Landes gezogen. \u201eWir haben das Angebot&hellip;<\/p>","protected":false},"author":7,"featured_media":3839,"comment_status":"closed","ping_status":"closed","sticky":false,"template":"","format":"standard","meta":{"_acf_changed":false,"footnotes":""},"categories":[1],"tags":[372,371,340,314,239,230,130],"class_list":["post-3818","post","type-post","status-publish","format-standard","has-post-thumbnail","hentry","category-allgemein","tag-dr-wolfgang-blank","tag-bilanz-1-000-tage-mobilitaetsoffensive","tag-minister","tag-regiobus-mv","tag-rufbus","tag-land-mecklenburg-vorpommern","tag-mobilittaetsoffensive"],"acf":[],"yoast_head":"<!-- This site is optimized with the Yoast SEO plugin v27.4 - https:\/\/yoast.com\/product\/yoast-seo-wordpress\/ -->\n<title>Bilanz: 1.000 Tage Mobilit\u00e4tsoffensive - VMV-Verkehrsgesellschaft Mecklenburg-Vorpommern<\/title>\n<meta name=\"description\" content=\"Bilanz: 1.000 Tage Mobilit\u00e4tsoffensive\" \/>\n<meta name=\"robots\" content=\"index, follow, max-snippet:-1, max-image-preview:large, max-video-preview:-1\" \/>\n<link rel=\"canonical\" href=\"https:\/\/www.vmv-mbh.de\/en\/bilanz-1-000-tage-mobilitaetsoffensive\/\" \/>\n<meta property=\"og:locale\" content=\"en_GB\" \/>\n<meta property=\"og:type\" content=\"article\" \/>\n<meta property=\"og:title\" content=\"Bilanz: 1.000 Tage Mobilit\u00e4tsoffensive - VMV-Verkehrsgesellschaft Mecklenburg-Vorpommern\" \/>\n<meta property=\"og:description\" content=\"Bilanz: 1.000 Tage Mobilit\u00e4tsoffensive\" \/>\n<meta property=\"og:url\" content=\"https:\/\/www.vmv-mbh.de\/en\/bilanz-1-000-tage-mobilitaetsoffensive\/\" \/>\n<meta property=\"og:site_name\" content=\"VMV-Verkehrsgesellschaft Mecklenburg-Vorpommern\" \/>\n<meta property=\"article:published_time\" content=\"2026-01-27T12:30:00+00:00\" \/>\n<meta property=\"article:modified_time\" content=\"2026-01-28T11:03:14+00:00\" \/>\n<meta property=\"og:image\" content=\"https:\/\/www.vmv-mbh.de\/wp-content\/uploads\/LPK-Bild-1.jpg\" \/>\n\t<meta property=\"og:image:width\" content=\"1920\" \/>\n\t<meta property=\"og:image:height\" content=\"1080\" \/>\n\t<meta property=\"og:image:type\" content=\"image\/jpeg\" \/>\n<meta name=\"author\" content=\"Katharina Henkel\" \/>\n<meta name=\"twitter:card\" content=\"summary_large_image\" \/>\n<meta name=\"twitter:label1\" content=\"Written by\" \/>\n\t<meta name=\"twitter:data1\" content=\"Katharina Henkel\" \/>\n\t<meta name=\"twitter:label2\" content=\"Estimated reading time\" \/>\n\t<meta name=\"twitter:data2\" content=\"3 minutes\" \/>\n<script type=\"application\/ld+json\" class=\"yoast-schema-graph\">{\"@context\":\"https:\\\/\\\/schema.org\",\"@graph\":[{\"@type\":\"Article\",\"@id\":\"https:\\\/\\\/www.vmv-mbh.de\\\/bilanz-1-000-tage-mobilitaetsoffensive\\\/#article\",\"isPartOf\":{\"@id\":\"https:\\\/\\\/www.vmv-mbh.de\\\/bilanz-1-000-tage-mobilitaetsoffensive\\\/\"},\"author\":{\"name\":\"Katharina Henkel\",\"@id\":\"https:\\\/\\\/www.vmv-mbh.de\\\/#\\\/schema\\\/person\\\/2cfafd86deaee1c537177c43b9314933\"},\"headline\":\"Bilanz: 1.000 Tage Mobilit\u00e4tsoffensive\",\"datePublished\":\"2026-01-27T12:30:00+00:00\",\"dateModified\":\"2026-01-28T11:03:14+00:00\",\"mainEntityOfPage\":{\"@id\":\"https:\\\/\\\/www.vmv-mbh.de\\\/bilanz-1-000-tage-mobilitaetsoffensive\\\/\"},\"wordCount\":498,\"publisher\":{\"@id\":\"https:\\\/\\\/www.vmv-mbh.de\\\/#organization\"},\"image\":{\"@id\":\"https:\\\/\\\/www.vmv-mbh.de\\\/bilanz-1-000-tage-mobilitaetsoffensive\\\/#primaryimage\"},\"thumbnailUrl\":\"https:\\\/\\\/www.vmv-mbh.de\\\/wp-content\\\/uploads\\\/LPK-Bild-1.jpg\",\"keywords\":[\"Dr. Wolfgang Blank\",\"Bilanz: 1.000 Tage Mobilit\u00e4tsoffensive\",\"Minister\",\"Regiobus MV\",\"Rufbus\",\"Land Mecklenburg-Vorpommern\",\"Mobilitt\u00e4tsoffensive\"],\"articleSection\":[\"Allgemein\"],\"inLanguage\":\"en-GB\"},{\"@type\":\"WebPage\",\"@id\":\"https:\\\/\\\/www.vmv-mbh.de\\\/bilanz-1-000-tage-mobilitaetsoffensive\\\/\",\"url\":\"https:\\\/\\\/www.vmv-mbh.de\\\/bilanz-1-000-tage-mobilitaetsoffensive\\\/\",\"name\":\"Bilanz: 1.000 Tage Mobilit\u00e4tsoffensive - VMV-Verkehrsgesellschaft Mecklenburg-Vorpommern\",\"isPartOf\":{\"@id\":\"https:\\\/\\\/www.vmv-mbh.de\\\/#website\"},\"primaryImageOfPage\":{\"@id\":\"https:\\\/\\\/www.vmv-mbh.de\\\/bilanz-1-000-tage-mobilitaetsoffensive\\\/#primaryimage\"},\"image\":{\"@id\":\"https:\\\/\\\/www.vmv-mbh.de\\\/bilanz-1-000-tage-mobilitaetsoffensive\\\/#primaryimage\"},\"thumbnailUrl\":\"https:\\\/\\\/www.vmv-mbh.de\\\/wp-content\\\/uploads\\\/LPK-Bild-1.jpg\",\"datePublished\":\"2026-01-27T12:30:00+00:00\",\"dateModified\":\"2026-01-28T11:03:14+00:00\",\"description\":\"Bilanz: 1.000 Tage Mobilit\u00e4tsoffensive\",\"breadcrumb\":{\"@id\":\"https:\\\/\\\/www.vmv-mbh.de\\\/bilanz-1-000-tage-mobilitaetsoffensive\\\/#breadcrumb\"},\"inLanguage\":\"en-GB\",\"potentialAction\":[{\"@type\":\"ReadAction\",\"target\":[\"https:\\\/\\\/www.vmv-mbh.de\\\/bilanz-1-000-tage-mobilitaetsoffensive\\\/\"]}]},{\"@type\":\"ImageObject\",\"inLanguage\":\"en-GB\",\"@id\":\"https:\\\/\\\/www.vmv-mbh.de\\\/bilanz-1-000-tage-mobilitaetsoffensive\\\/#primaryimage\",\"url\":\"https:\\\/\\\/www.vmv-mbh.de\\\/wp-content\\\/uploads\\\/LPK-Bild-1.jpg\",\"contentUrl\":\"https:\\\/\\\/www.vmv-mbh.de\\\/wp-content\\\/uploads\\\/LPK-Bild-1.jpg\",\"width\":1920,\"height\":1080},{\"@type\":\"BreadcrumbList\",\"@id\":\"https:\\\/\\\/www.vmv-mbh.de\\\/bilanz-1-000-tage-mobilitaetsoffensive\\\/#breadcrumb\",\"itemListElement\":[{\"@type\":\"ListItem\",\"position\":1,\"name\":\"Startseite\",\"item\":\"https:\\\/\\\/www.vmv-mbh.de\\\/\"},{\"@type\":\"ListItem\",\"position\":2,\"name\":\"Bilanz: 1.000 Tage Mobilit\u00e4tsoffensive\"}]},{\"@type\":\"WebSite\",\"@id\":\"https:\\\/\\\/www.vmv-mbh.de\\\/#website\",\"url\":\"https:\\\/\\\/www.vmv-mbh.de\\\/\",\"name\":\"VMV-Verkehrsgesellschaft Mecklenburg-Vorpommern\",\"description\":\"VMV \u2013 Verkehrsgesellschaft M-V\",\"publisher\":{\"@id\":\"https:\\\/\\\/www.vmv-mbh.de\\\/#organization\"},\"potentialAction\":[{\"@type\":\"SearchAction\",\"target\":{\"@type\":\"EntryPoint\",\"urlTemplate\":\"https:\\\/\\\/www.vmv-mbh.de\\\/?s={search_term_string}\"},\"query-input\":{\"@type\":\"PropertyValueSpecification\",\"valueRequired\":true,\"valueName\":\"search_term_string\"}}],\"inLanguage\":\"en-GB\"},{\"@type\":\"Organization\",\"@id\":\"https:\\\/\\\/www.vmv-mbh.de\\\/#organization\",\"name\":\"VMV \u2013 Verkehrsgesellschaft Mecklenburg-Vorpommern mbH\",\"url\":\"https:\\\/\\\/www.vmv-mbh.de\\\/\",\"logo\":{\"@type\":\"ImageObject\",\"inLanguage\":\"en-GB\",\"@id\":\"https:\\\/\\\/www.vmv-mbh.de\\\/#\\\/schema\\\/logo\\\/image\\\/\",\"url\":\"https:\\\/\\\/www.vmv-mbh.de\\\/wp-content\\\/uploads\\\/brand-vmv-vmv-logo-quer-inv.png\",\"contentUrl\":\"https:\\\/\\\/www.vmv-mbh.de\\\/wp-content\\\/uploads\\\/brand-vmv-vmv-logo-quer-inv.png\",\"width\":384,\"height\":64,\"caption\":\"VMV \u2013 Verkehrsgesellschaft Mecklenburg-Vorpommern mbH\"},\"image\":{\"@id\":\"https:\\\/\\\/www.vmv-mbh.de\\\/#\\\/schema\\\/logo\\\/image\\\/\"}},{\"@type\":\"Person\",\"@id\":\"https:\\\/\\\/www.vmv-mbh.de\\\/#\\\/schema\\\/person\\\/2cfafd86deaee1c537177c43b9314933\",\"name\":\"Katharina Henkel\",\"image\":{\"@type\":\"ImageObject\",\"inLanguage\":\"en-GB\",\"@id\":\"https:\\\/\\\/secure.gravatar.com\\\/avatar\\\/b93e9f247cea2317b341cba121c5ed6a4745d9d131daf85983e78af1dab7631d?s=96&d=mm&r=g\",\"url\":\"https:\\\/\\\/secure.gravatar.com\\\/avatar\\\/b93e9f247cea2317b341cba121c5ed6a4745d9d131daf85983e78af1dab7631d?s=96&d=mm&r=g\",\"contentUrl\":\"https:\\\/\\\/secure.gravatar.com\\\/avatar\\\/b93e9f247cea2317b341cba121c5ed6a4745d9d131daf85983e78af1dab7631d?s=96&d=mm&r=g\",\"caption\":\"Katharina Henkel\"},\"url\":\"https:\\\/\\\/www.vmv-mbh.de\\\/en\\\/author\\\/katharina-henkel\\\/\"}]}<\/script>\n<!-- \/ Yoast SEO plugin. -->","yoast_head_json":{"title":"Bilanz: 1.000 Tage Mobilit\u00e4tsoffensive - VMV-Verkehrsgesellschaft Mecklenburg-Vorpommern","description":"Bilanz: 1.000 Tage Mobilit\u00e4tsoffensive","robots":{"index":"index","follow":"follow","max-snippet":"max-snippet:-1","max-image-preview":"max-image-preview:large","max-video-preview":"max-video-preview:-1"},"canonical":"https:\/\/www.vmv-mbh.de\/en\/bilanz-1-000-tage-mobilitaetsoffensive\/","og_locale":"en_GB","og_type":"article","og_title":"Bilanz: 1.000 Tage Mobilit\u00e4tsoffensive - VMV-Verkehrsgesellschaft Mecklenburg-Vorpommern","og_description":"Bilanz: 1.000 Tage Mobilit\u00e4tsoffensive","og_url":"https:\/\/www.vmv-mbh.de\/en\/bilanz-1-000-tage-mobilitaetsoffensive\/","og_site_name":"VMV-Verkehrsgesellschaft Mecklenburg-Vorpommern","article_published_time":"2026-01-27T12:30:00+00:00","article_modified_time":"2026-01-28T11:03:14+00:00","og_image":[{"width":1920,"height":1080,"url":"https:\/\/www.vmv-mbh.de\/wp-content\/uploads\/LPK-Bild-1.jpg","type":"image\/jpeg"}],"author":"Katharina Henkel","twitter_card":"summary_large_image","twitter_misc":{"Written by":"Katharina Henkel","Estimated reading time":"3 minutes"},"schema":{"@context":"https:\/\/schema.org","@graph":[{"@type":"Article","@id":"https:\/\/www.vmv-mbh.de\/bilanz-1-000-tage-mobilitaetsoffensive\/#article","isPartOf":{"@id":"https:\/\/www.vmv-mbh.de\/bilanz-1-000-tage-mobilitaetsoffensive\/"},"author":{"name":"Katharina Henkel","@id":"https:\/\/www.vmv-mbh.de\/#\/schema\/person\/2cfafd86deaee1c537177c43b9314933"},"headline":"Bilanz: 1.000 Tage Mobilit\u00e4tsoffensive","datePublished":"2026-01-27T12:30:00+00:00","dateModified":"2026-01-28T11:03:14+00:00","mainEntityOfPage":{"@id":"https:\/\/www.vmv-mbh.de\/bilanz-1-000-tage-mobilitaetsoffensive\/"},"wordCount":498,"publisher":{"@id":"https:\/\/www.vmv-mbh.de\/#organization"},"image":{"@id":"https:\/\/www.vmv-mbh.de\/bilanz-1-000-tage-mobilitaetsoffensive\/#primaryimage"},"thumbnailUrl":"https:\/\/www.vmv-mbh.de\/wp-content\/uploads\/LPK-Bild-1.jpg","keywords":["Dr. Wolfgang Blank","Bilanz: 1.000 Tage Mobilit\u00e4tsoffensive","Minister","Regiobus MV","Rufbus","Land Mecklenburg-Vorpommern","Mobilitt\u00e4tsoffensive"],"articleSection":["Allgemein"],"inLanguage":"en-GB"},{"@type":"WebPage","@id":"https:\/\/www.vmv-mbh.de\/bilanz-1-000-tage-mobilitaetsoffensive\/","url":"https:\/\/www.vmv-mbh.de\/bilanz-1-000-tage-mobilitaetsoffensive\/","name":"Bilanz: 1.000 Tage Mobilit\u00e4tsoffensive - VMV-Verkehrsgesellschaft Mecklenburg-Vorpommern","isPartOf":{"@id":"https:\/\/www.vmv-mbh.de\/#website"},"primaryImageOfPage":{"@id":"https:\/\/www.vmv-mbh.de\/bilanz-1-000-tage-mobilitaetsoffensive\/#primaryimage"},"image":{"@id":"https:\/\/www.vmv-mbh.de\/bilanz-1-000-tage-mobilitaetsoffensive\/#primaryimage"},"thumbnailUrl":"https:\/\/www.vmv-mbh.de\/wp-content\/uploads\/LPK-Bild-1.jpg","datePublished":"2026-01-27T12:30:00+00:00","dateModified":"2026-01-28T11:03:14+00:00","description":"Bilanz: 1.000 Tage Mobilit\u00e4tsoffensive","breadcrumb":{"@id":"https:\/\/www.vmv-mbh.de\/bilanz-1-000-tage-mobilitaetsoffensive\/#breadcrumb"},"inLanguage":"en-GB","potentialAction":[{"@type":"ReadAction","target":["https:\/\/www.vmv-mbh.de\/bilanz-1-000-tage-mobilitaetsoffensive\/"]}]},{"@type":"ImageObject","inLanguage":"en-GB","@id":"https:\/\/www.vmv-mbh.de\/bilanz-1-000-tage-mobilitaetsoffensive\/#primaryimage","url":"https:\/\/www.vmv-mbh.de\/wp-content\/uploads\/LPK-Bild-1.jpg","contentUrl":"https:\/\/www.vmv-mbh.de\/wp-content\/uploads\/LPK-Bild-1.jpg","width":1920,"height":1080},{"@type":"BreadcrumbList","@id":"https:\/\/www.vmv-mbh.de\/bilanz-1-000-tage-mobilitaetsoffensive\/#breadcrumb","itemListElement":[{"@type":"ListItem","position":1,"name":"Startseite","item":"https:\/\/www.vmv-mbh.de\/"},{"@type":"ListItem","position":2,"name":"Bilanz: 1.000 Tage Mobilit\u00e4tsoffensive"}]},{"@type":"WebSite","@id":"https:\/\/www.vmv-mbh.de\/#website","url":"https:\/\/www.vmv-mbh.de\/","name":"VMV Transport Company Mecklenburg-Western Pomerania","description":"VMV - Verkehrsgesellschaft M-V","publisher":{"@id":"https:\/\/www.vmv-mbh.de\/#organization"},"potentialAction":[{"@type":"SearchAction","target":{"@type":"EntryPoint","urlTemplate":"https:\/\/www.vmv-mbh.de\/?s={search_term_string}"},"query-input":{"@type":"PropertyValueSpecification","valueRequired":true,"valueName":"search_term_string"}}],"inLanguage":"en-GB"},{"@type":"Organization","@id":"https:\/\/www.vmv-mbh.de\/#organization","name":"VMV - Verkehrsgesellschaft Mecklenburg-Vorpommern mbH","url":"https:\/\/www.vmv-mbh.de\/","logo":{"@type":"ImageObject","inLanguage":"en-GB","@id":"https:\/\/www.vmv-mbh.de\/#\/schema\/logo\/image\/","url":"https:\/\/www.vmv-mbh.de\/wp-content\/uploads\/brand-vmv-vmv-logo-quer-inv.png","contentUrl":"https:\/\/www.vmv-mbh.de\/wp-content\/uploads\/brand-vmv-vmv-logo-quer-inv.png","width":384,"height":64,"caption":"VMV \u2013 Verkehrsgesellschaft Mecklenburg-Vorpommern mbH"},"image":{"@id":"https:\/\/www.vmv-mbh.de\/#\/schema\/logo\/image\/"}},{"@type":"Person","@id":"https:\/\/www.vmv-mbh.de\/#\/schema\/person\/2cfafd86deaee1c537177c43b9314933","name":"Katharina Henkel","image":{"@type":"ImageObject","inLanguage":"en-GB","@id":"https:\/\/secure.gravatar.com\/avatar\/b93e9f247cea2317b341cba121c5ed6a4745d9d131daf85983e78af1dab7631d?s=96&d=mm&r=g","url":"https:\/\/secure.gravatar.com\/avatar\/b93e9f247cea2317b341cba121c5ed6a4745d9d131daf85983e78af1dab7631d?s=96&d=mm&r=g","contentUrl":"https:\/\/secure.gravatar.com\/avatar\/b93e9f247cea2317b341cba121c5ed6a4745d9d131daf85983e78af1dab7631d?s=96&d=mm&r=g","caption":"Katharina Henkel"},"url":"https:\/\/www.vmv-mbh.de\/en\/author\/katharina-henkel\/"}]}},"_links":{"self":[{"href":"https:\/\/www.vmv-mbh.de\/en\/wp-json\/wp\/v2\/posts\/3818","targetHints":{"allow":["GET"]}}],"collection":[{"href":"https:\/\/www.vmv-mbh.de\/en\/wp-json\/wp\/v2\/posts"}],"about":[{"href":"https:\/\/www.vmv-mbh.de\/en\/wp-json\/wp\/v2\/types\/post"}],"author":[{"embeddable":true,"href":"https:\/\/www.vmv-mbh.de\/en\/wp-json\/wp\/v2\/users\/7"}],"replies":[{"embeddable":true,"href":"https:\/\/www.vmv-mbh.de\/en\/wp-json\/wp\/v2\/comments?post=3818"}],"version-history":[{"count":0,"href":"https:\/\/www.vmv-mbh.de\/en\/wp-json\/wp\/v2\/posts\/3818\/revisions"}],"wp:featuredmedia":[{"embeddable":true,"href":"https:\/\/www.vmv-mbh.de\/en\/wp-json\/wp\/v2\/media\/3839"}],"wp:attachment":[{"href":"https:\/\/www.vmv-mbh.de\/en\/wp-json\/wp\/v2\/media?parent=3818"}],"wp:term":[{"taxonomy":"category","embeddable":true,"href":"https:\/\/www.vmv-mbh.de\/en\/wp-json\/wp\/v2\/categories?post=3818"},{"taxonomy":"post_tag","embeddable":true,"href":"https:\/\/www.vmv-mbh.de\/en\/wp-json\/wp\/v2\/tags?post=3818"}],"curies":[{"name":"wp","href":"https:\/\/api.w.org\/{rel}","templated":true}]}}